{"id":83668,"date":"2026-01-21T07:11:03","date_gmt":"2026-01-21T11:11:03","guid":{"rendered":"https:\/\/mediamonitorbo.com.bo\/?p=16810"},"modified":"2026-01-21T07:11:03","modified_gmt":"2026-01-21T11:11:03","slug":"carne-de-res-baja-de-precio-en-matadero-de-coprocach","status":"publish","type":"post","link":"https:\/\/jms.com.bo\/mediamonitor\/2026\/01\/21\/carne-de-res-baja-de-precio-en-matadero-de-coprocach\/","title":{"rendered":"Carne de res baja de precio en matadero de Coprocach"},"content":{"rendered":"<p style=\"text-align: justify\">Despu\u00e9s de meses de mantener una tendencia al alza, la carne de res registr\u00f3 una disminuci\u00f3n en el precio kilo gancho que se expende en el matadero de Coprocach. Mientras tanto, en los mercados de Sucre el producto se mantiene caro.<\/p>\n<p style=\"text-align: justify\">\u201cHa bajado un poco (el precio), est\u00e1bamos entregando a Bs 48, Bs 50 (el kilo gancho), ahora est\u00e1 en Bs 45, Bs 46\u201d, inform\u00f3 a este diario el vicepresidente de Coprocach, Crisp\u00edn Miranda.<\/p>\n<p style=\"text-align: justify\">La Cooperativa de Servicios de Proveedores de Carne de Chuquisaca (Coprocach) tambi\u00e9n mantiene bajos niveles de faeneo.<\/p>\n<p style=\"text-align: justify\">En anteriores a\u00f1os, Coprocach faenaba entre 100 y 120 cabezas de ganado vacuno cada d\u00eda, pero actualmente no llega ni a 100.<\/p>\n<p style=\"text-align: justify\">\u201cAyer (por el lunes) hemos carneado 70 cabezas, hoy d\u00eda (por este martes) no se est\u00e1 carneando\u201d, afirm\u00f3 Miranda al explicar que el motivo de no faenear ganado vacuno fue porque todav\u00eda ten\u00edan carne a disposici\u00f3n.<\/p>\n<p style=\"text-align: justify\">El descenso del precio de la carne roja se debi\u00f3, en parte, a la abrupta ca\u00edda del pollo, que para este martes se ofrec\u00eda en Bs 16 el kilo en los mercados de Sucre.<\/p>\n<p style=\"text-align: justify\">\u201cNos ha afectado un poco lo que se ha llenado de pollo\u201d, sostuvo el representante de los proveedores de carne de res.<\/p>\n<p style=\"text-align: justify\">Miranda cree que para Carnaval los precios se mantengan o incluso bajen algo por la sobreoferta que pueda producirse.<\/p>\n<p style=\"text-align: justify\">\u201cYo creo que se va a mantener, tal vez suba un poco, no se sabe. Para esas fechas todo el mundo cr\u00eda, saca y se rebaja, ese es el problema tambi\u00e9n\u201d, afirm\u00f3.<\/p>\n<p style=\"text-align: justify\">El Vicepresidente de Coprocach explic\u00f3 que ahora su situaci\u00f3n se complica m\u00e1s, pues el alimento para el ganado en confinamiento est\u00e1 m\u00e1s caro.<\/p>\n<p style=\"text-align: justify\">\u201cEl alimento est\u00e1 car\u00edsimo, yo compraba a Bs 2.000 la tonelada, pero este lunes he pagado Bs 4.696 en Sucre\u201d, subray\u00f3.<\/p>\n<p style=\"text-align: justify\">CARNE DE CERDO<\/p>\n<p style=\"text-align: justify\">La carne de cerdo tambi\u00e9n baj\u00f3 de precio. \u201cEl chancho estaba en Bs 35 el peso gancho, ahora est\u00e1 en Bs 33, Bs 34 seg\u00fan a la calidad de la carne\u201d, inform\u00f3 Miranda. En los centros de abasto, estaba en Bs 44 y 45.<\/p>\n<p style=\"text-align: justify\">EN MERCADOS<\/p>\n<p style=\"text-align: justify\">MERCADO EL MORRO. La carne de res se comercializaba este martes entre Bs 60 y Bs 65 el kilo al consumidor final.<\/p>\n<p style=\"text-align: justify\">MERCADO CENTRAL. La carne mixta estaba en Bs 58 el kilo, seg\u00fan indic\u00f3 su administrador, Mario Torres.<\/p>\n","protected":false},"excerpt":{"rendered":"<p>Despu\u00e9s de meses de mantener una tendencia al alza, la carne de res registr\u00f3 una disminuci\u00f3n en el precio kilo gancho que se expende en el matadero de Coprocach. Mientras tanto, en los mercados de Sucre el producto se mantiene caro. \u201cHa bajado un poco (el precio), est\u00e1bamos entregando a Bs 48, Bs 50 (el [&hellip;]<\/p>\n","protected":false},"author":1,"featured_media":83669,"comment_status":"closed","ping_status":"open","sticky":false,"template":"","format":"standard","meta":{"footnotes":""},"categories":[57],"tags":[],"class_list":{"0":"post-83668","1":"post","2":"type-post","3":"status-publish","4":"format-standard","5":"has-post-thumbnail","7":"category-alimentos-y-agroindustria"},"_links":{"self":[{"href":"https:\/\/jms.com.bo\/mediamonitor\/wp-json\/wp\/v2\/posts\/83668","targetHints":{"allow":["GET"]}}],"collection":[{"href":"https:\/\/jms.com.bo\/mediamonitor\/wp-json\/wp\/v2\/posts"}],"about":[{"href":"https:\/\/jms.com.bo\/mediamonitor\/wp-json\/wp\/v2\/types\/post"}],"author":[{"embeddable":true,"href":"https:\/\/jms.com.bo\/mediamonitor\/wp-json\/wp\/v2\/users\/1"}],"replies":[{"embeddable":true,"href":"https:\/\/jms.com.bo\/mediamonitor\/wp-json\/wp\/v2\/comments?post=83668"}],"version-history":[{"count":0,"href":"https:\/\/jms.com.bo\/mediamonitor\/wp-json\/wp\/v2\/posts\/83668\/revisions"}],"wp:featuredmedia":[{"embeddable":true,"href":"https:\/\/jms.com.bo\/mediamonitor\/wp-json\/wp\/v2\/media\/83669"}],"wp:attachment":[{"href":"https:\/\/jms.com.bo\/mediamonitor\/wp-json\/wp\/v2\/media?parent=83668"}],"wp:term":[{"taxonomy":"category","embeddable":true,"href":"https:\/\/jms.com.bo\/mediamonitor\/wp-json\/wp\/v2\/categories?post=83668"},{"taxonomy":"post_tag","embeddable":true,"href":"https:\/\/jms.com.bo\/mediamonitor\/wp-json\/wp\/v2\/tags?post=83668"}],"curies":[{"name":"wp","href":"https:\/\/api.w.org\/{rel}","templated":true}]}}