{"id":83672,"date":"2026-01-21T07:13:23","date_gmt":"2026-01-21T11:13:23","guid":{"rendered":"https:\/\/mediamonitorbo.com.bo\/?p=16816"},"modified":"2026-01-21T07:13:23","modified_gmt":"2026-01-21T11:13:23","slug":"disminuye-el-precio-del-kilo-de-pollo-en-santa-cruz-pero-avicultores-advierten-posible-alza","status":"publish","type":"post","link":"https:\/\/jms.com.bo\/mediamonitor\/2026\/01\/21\/disminuye-el-precio-del-kilo-de-pollo-en-santa-cruz-pero-avicultores-advierten-posible-alza\/","title":{"rendered":"Disminuye el precio del kilo de pollo en Santa Cruz, pero avicultores advierten posible alza"},"content":{"rendered":"<p style=\"text-align: justify\">El precio del kilo de pollo registr\u00f3 una disminuci\u00f3n en los mercados de la ciudad de Santa Cruz, donde actualmente se comercializa a Bs 12,50, seg\u00fan inform\u00f3 este martes Enzo Land\u00edvar, presidente de la Asociaci\u00f3n de Avicultores (ADA), en entrevista con Unitel.<\/p>\n<p style=\"text-align: justify\">Land\u00edvar explic\u00f3 que este precio genera p\u00e9rdidas para el sector av\u00edcola, ya que el costo de producci\u00f3n alcanza los Bs 13 por kilo, lo que deja a los productores operando por debajo de sus gastos.<\/p>\n<p style=\"text-align: justify\">Asimismo, se\u00f1al\u00f3 que otro factor que afecta negativamente a los avicultores es el incremento del margen de ganancia en la cadena de distribuci\u00f3n, que se habr\u00eda duplicado de Bs 3 a Bs 6, encareciendo el producto para el consumidor final sin beneficiar al productor.<\/p>\n<p style=\"text-align: justify\">Ante este escenario, el dirigente indic\u00f3 que se ha registrado una disminuci\u00f3n en la carga de pollitos beb\u00e9 (BB) en las granjas, una medida que, aunque reduce las p\u00e9rdidas actuales, provocar\u00e1 una menor oferta de pollo en el mercado.<\/p>\n<p style=\"text-align: justify\">Seg\u00fan Land\u00edvar, esta situaci\u00f3n podr\u00eda derivar en un incremento del precio del pollo en aproximadamente cinco semanas, como consecuencia directa de la reducci\u00f3n en la producci\u00f3n.<\/p>\n","protected":false},"excerpt":{"rendered":"<p>El precio del kilo de pollo registr\u00f3 una disminuci\u00f3n en los mercados de la ciudad de Santa Cruz, donde actualmente se comercializa a Bs 12,50, seg\u00fan inform\u00f3 este martes Enzo Land\u00edvar, presidente de la Asociaci\u00f3n de Avicultores (ADA), en entrevista con Unitel. Land\u00edvar explic\u00f3 que este precio genera p\u00e9rdidas para el sector av\u00edcola, ya que [&hellip;]<\/p>\n","protected":false},"author":1,"featured_media":83673,"comment_status":"closed","ping_status":"open","sticky":false,"template":"","format":"standard","meta":{"footnotes":""},"categories":[57],"tags":[],"class_list":{"0":"post-83672","1":"post","2":"type-post","3":"status-publish","4":"format-standard","5":"has-post-thumbnail","7":"category-alimentos-y-agroindustria"},"_links":{"self":[{"href":"https:\/\/jms.com.bo\/mediamonitor\/wp-json\/wp\/v2\/posts\/83672","targetHints":{"allow":["GET"]}}],"collection":[{"href":"https:\/\/jms.com.bo\/mediamonitor\/wp-json\/wp\/v2\/posts"}],"about":[{"href":"https:\/\/jms.com.bo\/mediamonitor\/wp-json\/wp\/v2\/types\/post"}],"author":[{"embeddable":true,"href":"https:\/\/jms.com.bo\/mediamonitor\/wp-json\/wp\/v2\/users\/1"}],"replies":[{"embeddable":true,"href":"https:\/\/jms.com.bo\/mediamonitor\/wp-json\/wp\/v2\/comments?post=83672"}],"version-history":[{"count":0,"href":"https:\/\/jms.com.bo\/mediamonitor\/wp-json\/wp\/v2\/posts\/83672\/revisions"}],"wp:featuredmedia":[{"embeddable":true,"href":"https:\/\/jms.com.bo\/mediamonitor\/wp-json\/wp\/v2\/media\/83673"}],"wp:attachment":[{"href":"https:\/\/jms.com.bo\/mediamonitor\/wp-json\/wp\/v2\/media?parent=83672"}],"wp:term":[{"taxonomy":"category","embeddable":true,"href":"https:\/\/jms.com.bo\/mediamonitor\/wp-json\/wp\/v2\/categories?post=83672"},{"taxonomy":"post_tag","embeddable":true,"href":"https:\/\/jms.com.bo\/mediamonitor\/wp-json\/wp\/v2\/tags?post=83672"}],"curies":[{"name":"wp","href":"https:\/\/api.w.org\/{rel}","templated":true}]}}