{"id":83674,"date":"2026-01-21T07:15:13","date_gmt":"2026-01-21T11:15:13","guid":{"rendered":"https:\/\/mediamonitorbo.com.bo\/?p=16819"},"modified":"2026-01-21T07:15:13","modified_gmt":"2026-01-21T11:15:13","slug":"medicos-declaran-cuarto-intermedio-y-dan-plazo-hasta-el-martes-para-el-pago-de-sueldos","status":"publish","type":"post","link":"https:\/\/jms.com.bo\/mediamonitor\/2026\/01\/21\/medicos-declaran-cuarto-intermedio-y-dan-plazo-hasta-el-martes-para-el-pago-de-sueldos\/","title":{"rendered":"M\u00e9dicos declaran cuarto intermedio y dan plazo hasta el martes para el pago de sueldos"},"content":{"rendered":"<p style=\"text-align: justify\">La dirigencia de la Federaci\u00f3n de Sindicatos de Ramas M\u00e9dicas de Salud P\u00fablica (Fesirmes) de Santa Cruz declar\u00f3 un cuarto intermedio en torno a sus demandas a las autoridades municipales, y dio un plazo de una semana a la Alcald\u00eda para que cumpla con los compromisos econ\u00f3micos pendientes.<\/p>\n<p style=\"text-align: justify\">La crisis se ahond\u00f3 con la renuncia del secretario municipal Marcelo T\u00e9llez, pese a que la Alcald\u00eda a\u00fan no oficializ\u00f3 al nuevo responsable, Michael M\u00e9ndez se reuni\u00f3 con Fesirmes este martes cerca al mediod\u00eda.<\/p>\n<p style=\"text-align: justify\">El municipio acord\u00f3 pagar los salarios concernientes a contratos municipales hasta esta jornada y el 27 de enero, el mes de diciembre a \u00edtems.<\/p>\n<p style=\"text-align: justify\">T\u00e9llez denunci\u00f3 incongruencias administrativas dentro de la Secretar\u00eda Municipal de Administraci\u00f3n y Finanzas.<\/p>\n<p style=\"text-align: justify\">Plazo<\/p>\n<p style=\"text-align: justify\">Sin embargo, el secretario ejecutivo de Fesirmes, Daniel Guti\u00e9rrez, inform\u00f3 que aguardar\u00e1n que todo se regularice hasta el venidero martes o de lo contrario reactivar\u00e1n las medidas de presi\u00f3n.<\/p>\n<p style=\"text-align: justify\">\u201cPara que cesemos todas nuestras medidas de presi\u00f3n se ha dado plazo hasta el martes de la siguiente semana. Para que se realice el pago a los trabajadores de \u00edtems y contrato. Caso contrario, el mi\u00e9rcoles iniciaremos un paro movilizado de 72 horas\u201d, indic\u00f3 Guti\u00e9rrez.<\/p>\n<p style=\"text-align: justify\">El sector pide a la Alcald\u00eda el pago de hasta cuatro meses de sueldos devengados y dos de contratos municipales. As\u00ed como reactivar la atenci\u00f3n m\u00e9dica para sus afiliados en la Caja Nacional. Tambi\u00e9n subsidios, seguridad en hospitales y mejores condiciones para la atenci\u00f3n m\u00e9dica a la poblaci\u00f3n.<\/p>\n","protected":false},"excerpt":{"rendered":"<p>La dirigencia de la Federaci\u00f3n de Sindicatos de Ramas M\u00e9dicas de Salud P\u00fablica (Fesirmes) de Santa Cruz declar\u00f3 un cuarto intermedio en torno a sus demandas a las autoridades municipales, y dio un plazo de una semana a la Alcald\u00eda para que cumpla con los compromisos econ\u00f3micos pendientes. La crisis se ahond\u00f3 con la renuncia [&hellip;]<\/p>\n","protected":false},"author":1,"featured_media":83675,"comment_status":"closed","ping_status":"open","sticky":false,"template":"","format":"standard","meta":{"footnotes":""},"categories":[49],"tags":[],"class_list":{"0":"post-83674","1":"post","2":"type-post","3":"status-publish","4":"format-standard","5":"has-post-thumbnail","7":"category-social"},"_links":{"self":[{"href":"https:\/\/jms.com.bo\/mediamonitor\/wp-json\/wp\/v2\/posts\/83674","targetHints":{"allow":["GET"]}}],"collection":[{"href":"https:\/\/jms.com.bo\/mediamonitor\/wp-json\/wp\/v2\/posts"}],"about":[{"href":"https:\/\/jms.com.bo\/mediamonitor\/wp-json\/wp\/v2\/types\/post"}],"author":[{"embeddable":true,"href":"https:\/\/jms.com.bo\/mediamonitor\/wp-json\/wp\/v2\/users\/1"}],"replies":[{"embeddable":true,"href":"https:\/\/jms.com.bo\/mediamonitor\/wp-json\/wp\/v2\/comments?post=83674"}],"version-history":[{"count":0,"href":"https:\/\/jms.com.bo\/mediamonitor\/wp-json\/wp\/v2\/posts\/83674\/revisions"}],"wp:featuredmedia":[{"embeddable":true,"href":"https:\/\/jms.com.bo\/mediamonitor\/wp-json\/wp\/v2\/media\/83675"}],"wp:attachment":[{"href":"https:\/\/jms.com.bo\/mediamonitor\/wp-json\/wp\/v2\/media?parent=83674"}],"wp:term":[{"taxonomy":"category","embeddable":true,"href":"https:\/\/jms.com.bo\/mediamonitor\/wp-json\/wp\/v2\/categories?post=83674"},{"taxonomy":"post_tag","embeddable":true,"href":"https:\/\/jms.com.bo\/mediamonitor\/wp-json\/wp\/v2\/tags?post=83674"}],"curies":[{"name":"wp","href":"https:\/\/api.w.org\/{rel}","templated":true}]}}