{"id":83676,"date":"2026-01-21T07:16:45","date_gmt":"2026-01-21T11:16:45","guid":{"rendered":"https:\/\/mediamonitorbo.com.bo\/?p=16822"},"modified":"2026-01-21T07:16:45","modified_gmt":"2026-01-21T11:16:45","slug":"indigenas-y-civicos-refuerzan-la-vigilia-en-el-inra-y-exigen-frenar-avasallamientos-en-la-chiquitania","status":"publish","type":"post","link":"https:\/\/jms.com.bo\/mediamonitor\/2026\/01\/21\/indigenas-y-civicos-refuerzan-la-vigilia-en-el-inra-y-exigen-frenar-avasallamientos-en-la-chiquitania\/","title":{"rendered":"Ind\u00edgenas y c\u00edvicos refuerzan la vigilia en el INRA y exigen frenar avasallamientos en la Chiquitania"},"content":{"rendered":"<p style=\"text-align: justify\">La toma pac\u00edfica y vigilia en las oficinas del Instituto Nacional de Reforma Agraria (INRA), en la ciudad de Santa Cruz, se fortaleci\u00f3 esta tarde con la adhesi\u00f3n de comunidades ind\u00edgenas chiquitanas, que denunciaron avasallamientos sistem\u00e1ticos, destrucci\u00f3n de viviendas, da\u00f1o ambiental y una presunta protecci\u00f3n institucional a favor de grupos interculturales y organizaciones afines al Movimiento Al Socialismo (MAS).<\/p>\n<p style=\"text-align: justify\">Desde el lugar de la protesta, Giseli Cu\u00e9llar, cacique de la comunidad ind\u00edgena chiquitana Pailloncito, afirm\u00f3 que su pueblo sufre atropellos desde 2018 por parte de comunidades de las denominadas Bartolinas Sisa 1, 2 y 3 que, seg\u00fan dijo, se encuentran sobrepuestas ilegalmente sobre su territorio ancestral.<\/p>\n<p style=\"text-align: justify\">\u201cNosotros hemos venido sufriendo abusos y violencia desde hace a\u00f1os. Han destruido nuestras chozas, nuestras casas, y nadie nos escucha. Somos nacidos y criados ancestralmente en esas tierras, como lo reconoce el art\u00edculo 2 de la Constituci\u00f3n\u201d, sostuvo la dirigente ind\u00edgena, visiblemente afectada.<\/p>\n<p style=\"text-align: justify\">Cu\u00e9llar record\u00f3 que el 27 de diciembre de 2024, un contingente policial, acompa\u00f1ado por integrantes de estas organizaciones, derrib\u00f3 viviendas en su comunidad, dej\u00e1ndolos sin posibilidad de celebrar las fiestas de fin de a\u00f1o. \u201cNos sentimos como extra\u00f1os en nuestro propio municipio. Las autoridades municipales hacen caso a estas organizaciones y no a los pueblos ind\u00edgenas\u201d, denunci\u00f3.<\/p>\n<p style=\"text-align: justify\">La cacique tambi\u00e9n expres\u00f3 su solidaridad con Ricardo Pe\u00f1a, l\u00edder chiquitano de 76 a\u00f1os brutalmente agredido recientemente, y record\u00f3 que \u00e9l fue uno de los principales impulsores de las marchas chiquitanas de 2021 y 2024, que caminaron desde San Jos\u00e9 de Chiquitos y Paill\u00f3n hasta la plaza 24 de Septiembre, exigiendo freno a los avasallamientos, protecci\u00f3n de los bosques y acciones contra los incendios forestales.<\/p>\n<p style=\"text-align: justify\">\u201cLas Bartolinas ya no son Bartolinas, son traficantes de tierras. En mi propiedad ya hay tres \u2018due\u00f1os\u2019 impuestos. No respetaron ni la flora ni la fauna. Por culpa de estos avasallamientos hoy hay comunidades que se han quedado sin agua\u201d, afirm\u00f3 Cu\u00e9llar, al relatar la destrucci\u00f3n de una zona acu\u00edfera en su predio, lo que redujo dr\u00e1sticamente el caudal de agua para poblaciones cercanas.<\/p>\n<p style=\"text-align: justify\">C\u00edvicos exigen cambios inmediatos<\/p>\n<p style=\"text-align: justify\">Uno de los principales reclamos de los movilizados es justicia para el cacique chiquitano Ricardo Pe\u00f1a, quien fue brutalmente agredido en el municipio de San Jos\u00e9 de Chiquitos. De acuerdo con su testimonio, fue atacado por dos interculturales cuando retornaba a su domicilio, hecho que le provoc\u00f3 fractura abierta en un brazo y la rotura de ambas mu\u00f1ecas, adem\u00e1s de lesiones en el cuello.<\/p>\n<p style=\"text-align: justify\">\u201cMe tumbaron por detr\u00e1s, qued\u00e9 inconsciente. Casi me matan\u201d, relat\u00f3 Pe\u00f1a, quien fue auxiliado por su familia y trasladado de emergencia a un hospital en la capital cruce\u00f1a, donde fue sometido a una cirug\u00eda. Sus familiares denunciaron que, por falta de recursos econ\u00f3micos, el adulto mayor a\u00fan requiere nuevas intervenciones m\u00e9dicas.<\/p>\n<p style=\"text-align: justify\">Sobre este caso, la diputada cruce\u00f1a del Partido Dem\u00f3crata Cristiano, Patricia Pati\u00f1o, respald\u00f3 la toma pac\u00edfica del INRA como una medida de protesta leg\u00edtima y exhort\u00f3 al Ministerio P\u00fablico a investigar con celeridad la agresi\u00f3n para establecer responsabilidades conforme a ley.<\/p>\n<p style=\"text-align: justify\">La protesta tambi\u00e9n cuenta con el respaldo del Comit\u00e9 pro Santa Cruz. Su presidente, Stello Cochamanidis, calific\u00f3 de \u201clamentable y vergonzoso\u201d que contin\u00faen los avasallamientos y que, a su criterio, funcionarios identificados con el MAS sigan controlando el INRA.<\/p>\n<p style=\"text-align: justify\">\u201cDurante 20 a\u00f1os desde esta instituci\u00f3n se planificaron y ejecutaron los avasallamientos. Hoy tenemos un nuevo gobierno y seguimos con la misma gente. Eso no es permisible\u201d, afirm\u00f3 Cochamanidis, quien exigi\u00f3 una auditor\u00eda integral al INRA y la destituci\u00f3n inmediata de autoridades que \u2014seg\u00fan dijo\u2014 permitieron el despojo de tierras en Santa Cruz.<\/p>\n<p style=\"text-align: justify\">El l\u00edder c\u00edvico tambi\u00e9n demand\u00f3 una actuaci\u00f3n urgente del Ministerio P\u00fablico para sancionar a los responsables de la agresi\u00f3n contra el cacique Pe\u00f1a. \u201cLa Fiscal\u00eda tiene que actuar de inmediato. No puede haber impunidad. Los responsables deben ir a la c\u00e1rcel\u201d, enfatiz\u00f3.<\/p>\n<p style=\"text-align: justify\">Cochamanidis confirm\u00f3 que la vigilia se mantendr\u00e1 al menos 48 horas, plazo en el que esperan una respuesta concreta del Gobierno nacional. Caso contrario, advirti\u00f3 que se convocar\u00e1n reuniones para definir nuevas medidas de presi\u00f3n, en respaldo a las comunidades ind\u00edgenas y propietarios afectados.<\/p>\n<p style=\"text-align: justify\">Mientras tanto, comunarios, c\u00edvicos y ciudadanos mantienen la protesta en el INRA, exigiendo respeto a los territorios ancestrales, el fin de los avasallamientos y una reestructuraci\u00f3n profunda de la instituci\u00f3n agraria en Santa Cruz.<\/p>\n","protected":false},"excerpt":{"rendered":"<p>La toma pac\u00edfica y vigilia en las oficinas del Instituto Nacional de Reforma Agraria (INRA), en la ciudad de Santa Cruz, se fortaleci\u00f3 esta tarde con la adhesi\u00f3n de comunidades ind\u00edgenas chiquitanas, que denunciaron avasallamientos sistem\u00e1ticos, destrucci\u00f3n de viviendas, da\u00f1o ambiental y una presunta protecci\u00f3n institucional a favor de grupos interculturales y organizaciones afines al [&hellip;]<\/p>\n","protected":false},"author":1,"featured_media":83677,"comment_status":"closed","ping_status":"open","sticky":false,"template":"","format":"standard","meta":{"footnotes":""},"categories":[49],"tags":[],"class_list":{"0":"post-83676","1":"post","2":"type-post","3":"status-publish","4":"format-standard","5":"has-post-thumbnail","7":"category-social"},"_links":{"self":[{"href":"https:\/\/jms.com.bo\/mediamonitor\/wp-json\/wp\/v2\/posts\/83676","targetHints":{"allow":["GET"]}}],"collection":[{"href":"https:\/\/jms.com.bo\/mediamonitor\/wp-json\/wp\/v2\/posts"}],"about":[{"href":"https:\/\/jms.com.bo\/mediamonitor\/wp-json\/wp\/v2\/types\/post"}],"author":[{"embeddable":true,"href":"https:\/\/jms.com.bo\/mediamonitor\/wp-json\/wp\/v2\/users\/1"}],"replies":[{"embeddable":true,"href":"https:\/\/jms.com.bo\/mediamonitor\/wp-json\/wp\/v2\/comments?post=83676"}],"version-history":[{"count":0,"href":"https:\/\/jms.com.bo\/mediamonitor\/wp-json\/wp\/v2\/posts\/83676\/revisions"}],"wp:featuredmedia":[{"embeddable":true,"href":"https:\/\/jms.com.bo\/mediamonitor\/wp-json\/wp\/v2\/media\/83677"}],"wp:attachment":[{"href":"https:\/\/jms.com.bo\/mediamonitor\/wp-json\/wp\/v2\/media?parent=83676"}],"wp:term":[{"taxonomy":"category","embeddable":true,"href":"https:\/\/jms.com.bo\/mediamonitor\/wp-json\/wp\/v2\/categories?post=83676"},{"taxonomy":"post_tag","embeddable":true,"href":"https:\/\/jms.com.bo\/mediamonitor\/wp-json\/wp\/v2\/tags?post=83676"}],"curies":[{"name":"wp","href":"https:\/\/api.w.org\/{rel}","templated":true}]}}