{"id":83782,"date":"2026-01-23T07:31:47","date_gmt":"2026-01-23T11:31:47","guid":{"rendered":"https:\/\/mediamonitorbo.com.bo\/?p=16996"},"modified":"2026-01-23T07:32:17","modified_gmt":"2026-01-23T11:32:17","slug":"asosur-santa-cruz-declara-cuarto-intermedio-y-garantiza-abastecimiento","status":"publish","type":"post","link":"https:\/\/jms.com.bo\/mediamonitor\/2026\/01\/23\/asosur-santa-cruz-declara-cuarto-intermedio-y-garantiza-abastecimiento\/","title":{"rendered":"Asosur Santa Cruz declara cuarto intermedio y garantiza abastecimiento"},"content":{"rendered":"<p style=\"text-align: justify\">La Asociaci\u00f3n Departamental de Propietarios de Estaciones de Servicio de Combustibles Derivados de Hidrocarburos (Asosur) Santa Cruz decidi\u00f3 este jueves declarar un cuarto intermedio en sus medidas de protesta, tras una asamblea extraordinaria realizada luego de recibir una nota oficial de la Agencia Nacional de Hidrocarburos (ANH), en la que se propone tratar parte de los temas planteados por el sector.<\/p>\n<p style=\"text-align: justify\">En un pronunciamiento p\u00fablico, la organizaci\u00f3n inform\u00f3 que la decisi\u00f3n busca dar espacio al di\u00e1logo institucional, mientras se activan mesas t\u00e9cnicas para abordar las demandas de los propietarios de estaciones de servicio afiliadas en el departamento.<\/p>\n<p style=\"text-align: justify\">Asimismo, Asosur Santa Cruz se\u00f1al\u00f3 que, ante la predisposici\u00f3n expresada p\u00fablicamente por el presidente del Estado Plurinacional de Bolivia para atender las demandas del sector, se formaliz\u00f3 la solicitud de una reuni\u00f3n con el Ejecutivo, con el objetivo de encontrar soluciones concretas a los puntos observados.<\/p>\n<p style=\"text-align: justify\">Mientras se desarrollan estos espacios de di\u00e1logo, la entidad reafirm\u00f3 su compromiso de continuar prestando el servicio de comercializaci\u00f3n de combustibles a la poblaci\u00f3n \u201ccon normalidad, seguridad y responsabilidad\u201d, garantizando la atenci\u00f3n regular en las estaciones de servicio del departamento.<\/p>\n","protected":false},"excerpt":{"rendered":"<p>La Asociaci\u00f3n Departamental de Propietarios de Estaciones de Servicio de Combustibles Derivados de Hidrocarburos (Asosur) Santa Cruz decidi\u00f3 este jueves declarar un cuarto intermedio en sus medidas de protesta, tras una asamblea extraordinaria realizada luego de recibir una nota oficial de la Agencia Nacional de Hidrocarburos (ANH), en la que se propone tratar parte de [&hellip;]<\/p>\n","protected":false},"author":1,"featured_media":83783,"comment_status":"closed","ping_status":"open","sticky":false,"template":"","format":"standard","meta":{"footnotes":""},"categories":[40,23],"tags":[],"class_list":{"0":"post-83782","1":"post","2":"type-post","3":"status-publish","4":"format-standard","5":"has-post-thumbnail","7":"category-bolivia","8":"category-hidrocarburos"},"_links":{"self":[{"href":"https:\/\/jms.com.bo\/mediamonitor\/wp-json\/wp\/v2\/posts\/83782","targetHints":{"allow":["GET"]}}],"collection":[{"href":"https:\/\/jms.com.bo\/mediamonitor\/wp-json\/wp\/v2\/posts"}],"about":[{"href":"https:\/\/jms.com.bo\/mediamonitor\/wp-json\/wp\/v2\/types\/post"}],"author":[{"embeddable":true,"href":"https:\/\/jms.com.bo\/mediamonitor\/wp-json\/wp\/v2\/users\/1"}],"replies":[{"embeddable":true,"href":"https:\/\/jms.com.bo\/mediamonitor\/wp-json\/wp\/v2\/comments?post=83782"}],"version-history":[{"count":1,"href":"https:\/\/jms.com.bo\/mediamonitor\/wp-json\/wp\/v2\/posts\/83782\/revisions"}],"predecessor-version":[{"id":83784,"href":"https:\/\/jms.com.bo\/mediamonitor\/wp-json\/wp\/v2\/posts\/83782\/revisions\/83784"}],"wp:featuredmedia":[{"embeddable":true,"href":"https:\/\/jms.com.bo\/mediamonitor\/wp-json\/wp\/v2\/media\/83783"}],"wp:attachment":[{"href":"https:\/\/jms.com.bo\/mediamonitor\/wp-json\/wp\/v2\/media?parent=83782"}],"wp:term":[{"taxonomy":"category","embeddable":true,"href":"https:\/\/jms.com.bo\/mediamonitor\/wp-json\/wp\/v2\/categories?post=83782"},{"taxonomy":"post_tag","embeddable":true,"href":"https:\/\/jms.com.bo\/mediamonitor\/wp-json\/wp\/v2\/tags?post=83782"}],"curies":[{"name":"wp","href":"https:\/\/api.w.org\/{rel}","templated":true}]}}