{"id":83789,"date":"2026-01-26T06:49:11","date_gmt":"2026-01-26T10:49:11","guid":{"rendered":"https:\/\/mediamonitorbo.com.bo\/?p=17010"},"modified":"2026-01-26T06:49:11","modified_gmt":"2026-01-26T10:49:11","slug":"confirman-primer-caso-de-rabia-humana-en-cochabamba","status":"publish","type":"post","link":"https:\/\/jms.com.bo\/mediamonitor\/2026\/01\/26\/confirman-primer-caso-de-rabia-humana-en-cochabamba\/","title":{"rendered":"Confirman primer caso de rabia humana en Cochabamba"},"content":{"rendered":"<p style=\"text-align: justify\">El Servicio Departamental de Salud (Sedes) de Cochabamba confirm\u00f3 el primer caso de rabia humana en ese departamento, es una ni\u00f1a de 7 a\u00f1os que fue mordida por su perro el 23 de diciembre, y actualmente se encuentra en estado cr\u00edtico.<\/p>\n<p style=\"text-align: justify\">\u201cLa mordida ocurri\u00f3 en la cara de la menor, ella fue atendida en el sistema de salud tras el incidente. Sin embargo, a fines de diciembre y durante la primera semana de enero, present\u00f3 signos de rabia humana. Se realizaron pruebas de laboratorio y se confirm\u00f3 ayer el diagn\u00f3stico\u201d, explic\u00f3 el jefe de Epidemiolog\u00eda del Sedes, Rub\u00e9n Castillo.<\/p>\n<p style=\"text-align: justify\">Como medida preventiva, sus padres, dos hermanos y un t\u00edo, que estuvieron en contacto directo con la ni\u00f1a reciben tratamiento.<\/p>\n<p style=\"text-align: justify\">La directora del Sedes, Cintia Rojas, record\u00f3 la importancia de mantener al d\u00eda la vacunaci\u00f3n antirr\u00e1bica de las mascotas. \u201cLa vacuna antirr\u00e1bica est\u00e1 disponible en todos los centros de salud del departamento y es clave para prevenir este tipo de incidentes\u201d, asegur\u00f3.<\/p>\n<p style=\"text-align: justify\">Tambi\u00e9n se realiz\u00f3 rastrillajes en la zona, muestreo de los animales y probables contagios, con el fin de aplicar un bloqueo epidemiol\u00f3gico.<\/p>\n","protected":false},"excerpt":{"rendered":"<p>El Servicio Departamental de Salud (Sedes) de Cochabamba confirm\u00f3 el primer caso de rabia humana en ese departamento, es una ni\u00f1a de 7 a\u00f1os que fue mordida por su perro el 23 de diciembre, y actualmente se encuentra en estado cr\u00edtico. \u201cLa mordida ocurri\u00f3 en la cara de la menor, ella fue atendida en el [&hellip;]<\/p>\n","protected":false},"author":1,"featured_media":83790,"comment_status":"closed","ping_status":"open","sticky":false,"template":"","format":"standard","meta":{"footnotes":""},"categories":[53],"tags":[],"class_list":{"0":"post-83789","1":"post","2":"type-post","3":"status-publish","4":"format-standard","5":"has-post-thumbnail","7":"category-salud"},"_links":{"self":[{"href":"https:\/\/jms.com.bo\/mediamonitor\/wp-json\/wp\/v2\/posts\/83789","targetHints":{"allow":["GET"]}}],"collection":[{"href":"https:\/\/jms.com.bo\/mediamonitor\/wp-json\/wp\/v2\/posts"}],"about":[{"href":"https:\/\/jms.com.bo\/mediamonitor\/wp-json\/wp\/v2\/types\/post"}],"author":[{"embeddable":true,"href":"https:\/\/jms.com.bo\/mediamonitor\/wp-json\/wp\/v2\/users\/1"}],"replies":[{"embeddable":true,"href":"https:\/\/jms.com.bo\/mediamonitor\/wp-json\/wp\/v2\/comments?post=83789"}],"version-history":[{"count":0,"href":"https:\/\/jms.com.bo\/mediamonitor\/wp-json\/wp\/v2\/posts\/83789\/revisions"}],"wp:featuredmedia":[{"embeddable":true,"href":"https:\/\/jms.com.bo\/mediamonitor\/wp-json\/wp\/v2\/media\/83790"}],"wp:attachment":[{"href":"https:\/\/jms.com.bo\/mediamonitor\/wp-json\/wp\/v2\/media?parent=83789"}],"wp:term":[{"taxonomy":"category","embeddable":true,"href":"https:\/\/jms.com.bo\/mediamonitor\/wp-json\/wp\/v2\/categories?post=83789"},{"taxonomy":"post_tag","embeddable":true,"href":"https:\/\/jms.com.bo\/mediamonitor\/wp-json\/wp\/v2\/tags?post=83789"}],"curies":[{"name":"wp","href":"https:\/\/api.w.org\/{rel}","templated":true}]}}