{"id":83791,"date":"2026-01-26T06:50:34","date_gmt":"2026-01-26T10:50:34","guid":{"rendered":"https:\/\/mediamonitorbo.com.bo\/?p=17013"},"modified":"2026-01-26T06:50:34","modified_gmt":"2026-01-26T10:50:34","slug":"banco-mundial-apuesta-por-el-agro-para-generar-empleo-y-desarrollo","status":"publish","type":"post","link":"https:\/\/jms.com.bo\/mediamonitor\/2026\/01\/26\/banco-mundial-apuesta-por-el-agro-para-generar-empleo-y-desarrollo\/","title":{"rendered":"Banco Mundial apuesta por el agro para generar empleo y desarrollo"},"content":{"rendered":"<p style=\"text-align: justify\">Bajo la premisa de convertir al agro en un motor de movilidad social, el Banco Mundial (BM) respald\u00f3 la visi\u00f3n del presidente del Estado Rodrigo Paz, luego de un encuentro clave que define las hojas de ruta para potenciar la rentabilidad y el empleo en el sector rural del pa\u00eds.<br \/>\nEl organismo financiero proyecta un rol estrat\u00e9gico para la agricultura en el crecimiento econ\u00f3mico del pa\u00eds. A trav\u00e9s de un comunicado, la entidad subray\u00f3 que el fortalecimiento de las cadenas de valor y el impulso a las exportaciones agr\u00edcolas son pilares fundamentales para garantizar la seguridad alimentaria.<\/p>\n<p style=\"text-align: justify\">La inyecci\u00f3n de capital y soporte t\u00e9cnico, se constituyen en piezas claves del nuevo acuerdo entre Bolivia y el Banco Mundial. En una reuni\u00f3n de alto nivel, realizada la pasada semana, autoridades nacionales y representantes del ente multilateral acordaron mecanismos de financiamiento estrat\u00e9gico dise\u00f1ados para acelerar la recuperaci\u00f3n econ\u00f3mica y fortalecer la estabilidad financiera de la regi\u00f3n.<\/p>\n<p style=\"text-align: justify\">El fortalecimiento de la industria nacional es la prioridad detr\u00e1s del reciente acercamiento presidencial para atraer capitales de alto impacto. Tras el encuentro, el jefe de Estado, Rodrigo Paz Pereira, destac\u00f3 la relevancia de estas alianzas como aspectos clave para el desarrollo del pa\u00eds.<br \/>\nBolivia encara un trienio de contracci\u00f3n econ\u00f3mica. Seg\u00fan el \u00faltimo reporte del Banco Mundial, el pa\u00eds encadenar\u00e1 tres a\u00f1os consecutivos de decrecimiento entre 2025 y 2027, un escenario que pone en jaque la generaci\u00f3n de empleo y el crecimiento regional.<\/p>\n<p style=\"text-align: justify\">Las proyecciones macroecon\u00f3micas anticipan una contracci\u00f3n sostenida de la econom\u00eda nacional: el PIB caer\u00e1 un 0,5% en 2025, tendencia que se profundizar\u00eda hasta alcanzar el -1,1% en 2026 y el -1,5% en 2027.<br \/>\nLas perspectivas econ\u00f3micas para el corto plazo revelan una brecha preocupante; mientras que en 2025, Bolivia y Hait\u00ed (con una ca\u00edda del 2%) encabezaron las proyecciones negativas, la mirada hacia 2026 y 2027 sugiere un aislamiento estad\u00edstico para Bolivia, que quedar\u00eda como el \u00fanico pa\u00eds de la regi\u00f3n incapaz de revertir su tendencia recesiva.<\/p>\n<p style=\"text-align: justify\">El mapa econ\u00f3mico de Am\u00e9rica Latina para este ciclo muestra un dinamismo heterog\u00e9neo. Argentina se posiciona a la vanguardia del crecimiento en Sudam\u00e9rica, proyectando una expansi\u00f3n del 4,6%, cifra que la sit\u00faa por encima de sus vecinos inmediatos. En una posici\u00f3n expectante tambi\u00e9n est\u00e1n Paraguay (4,2%) y Per\u00fa (3%), seguidos por un bloque de crecimiento moderado liderado por Chile (2,6%), Brasil (2,4%) y Colombia (2,4%). En la base de la tabla expansiva, aunque a\u00fan en terreno positivo, se encuentran Ecuador y Uruguay, ambos con un avance estimado del 2,3%.<\/p>\n<p style=\"text-align: justify\">Para el analista econ\u00f3mico Marco Gonzales Ch\u00e1vez, las recientes proyecciones del Banco Mundial sit\u00faan al pa\u00eds como uno de los de menor rendimiento en la regi\u00f3n, evidenciando un deterioro progresivo impulsado por factores cr\u00edticos como la inflaci\u00f3n persistente, la escasez de divisas y el desabastecimiento de carburantes.<\/p>\n<p style=\"text-align: justify\">Seg\u00fan el entrevistado, Bolivia encara en la actualidad las consecuencias de un ciclo agotado. Tras el fin del auge de las commodities y el desplome de una industria petrolera que fue, durante a\u00f1os, el pulm\u00f3n fiscal del pa\u00eds, la econom\u00eda nacional ha entrado en una fase cr\u00edtica. \u201cDesde inicios de 2023, este escenario se ha materializado en una asfixiante escasez de d\u00f3lares y una inflaci\u00f3n que lleg\u00f3 a finales del 2025 a los dos d\u00edgitos, fracturando la estabilidad de precios. A esto se suma un suministro de combustible err\u00e1tico, s\u00edntoma de un sistema de subvenciones que hoy choca frontalmente con la falta de liquidez estatal\u201d, finaliz\u00f3.<\/p>\n<p style=\"text-align: justify\">\n","protected":false},"excerpt":{"rendered":"<p>Bajo la premisa de convertir al agro en un motor de movilidad social, el Banco Mundial (BM) respald\u00f3 la visi\u00f3n del presidente del Estado Rodrigo Paz, luego de un encuentro clave que define las hojas de ruta para potenciar la rentabilidad y el empleo en el sector rural del pa\u00eds. El organismo financiero proyecta un [&hellip;]<\/p>\n","protected":false},"author":1,"featured_media":83792,"comment_status":"closed","ping_status":"open","sticky":false,"template":"","format":"standard","meta":{"footnotes":""},"categories":[57],"tags":[],"class_list":{"0":"post-83791","1":"post","2":"type-post","3":"status-publish","4":"format-standard","5":"has-post-thumbnail","7":"category-alimentos-y-agroindustria"},"_links":{"self":[{"href":"https:\/\/jms.com.bo\/mediamonitor\/wp-json\/wp\/v2\/posts\/83791","targetHints":{"allow":["GET"]}}],"collection":[{"href":"https:\/\/jms.com.bo\/mediamonitor\/wp-json\/wp\/v2\/posts"}],"about":[{"href":"https:\/\/jms.com.bo\/mediamonitor\/wp-json\/wp\/v2\/types\/post"}],"author":[{"embeddable":true,"href":"https:\/\/jms.com.bo\/mediamonitor\/wp-json\/wp\/v2\/users\/1"}],"replies":[{"embeddable":true,"href":"https:\/\/jms.com.bo\/mediamonitor\/wp-json\/wp\/v2\/comments?post=83791"}],"version-history":[{"count":0,"href":"https:\/\/jms.com.bo\/mediamonitor\/wp-json\/wp\/v2\/posts\/83791\/revisions"}],"wp:featuredmedia":[{"embeddable":true,"href":"https:\/\/jms.com.bo\/mediamonitor\/wp-json\/wp\/v2\/media\/83792"}],"wp:attachment":[{"href":"https:\/\/jms.com.bo\/mediamonitor\/wp-json\/wp\/v2\/media?parent=83791"}],"wp:term":[{"taxonomy":"category","embeddable":true,"href":"https:\/\/jms.com.bo\/mediamonitor\/wp-json\/wp\/v2\/categories?post=83791"},{"taxonomy":"post_tag","embeddable":true,"href":"https:\/\/jms.com.bo\/mediamonitor\/wp-json\/wp\/v2\/tags?post=83791"}],"curies":[{"name":"wp","href":"https:\/\/api.w.org\/{rel}","templated":true}]}}