{"id":83805,"date":"2026-01-26T07:03:49","date_gmt":"2026-01-26T11:03:49","guid":{"rendered":"https:\/\/mediamonitorbo.com.bo\/?p=17033"},"modified":"2026-01-26T07:03:49","modified_gmt":"2026-01-26T11:03:49","slug":"crecida-del-pilcomayo-tiene-en-vilo-a-comunidades-indigenas","status":"publish","type":"post","link":"https:\/\/jms.com.bo\/mediamonitor\/2026\/01\/26\/crecida-del-pilcomayo-tiene-en-vilo-a-comunidades-indigenas\/","title":{"rendered":"Crecida del Pilcomayo tiene en vilo a comunidades ind\u00edgenas"},"content":{"rendered":"<p style=\"text-align: justify\">La crecida del r\u00edo Pilcomayo mantiene en vilo a varias comunidades que viven sobre las riberas del afluente internacional. Aunque las lluvias cesaron en la Regi\u00f3n Aut\u00f3noma del Chaco, en la cuenca alta se mantienen, lo que puede provocar un desborde en cualquier momento.<\/p>\n<p style=\"text-align: justify\">El pueblo Weenhayek se declar\u00f3 en estado de emergencia y alerta permanente, ya que las \u00faltimas lluvias provocaron el desborde de quebradas y atajados. La situaci\u00f3n ya gener\u00f3 afectaciones en la primera y tercera secci\u00f3n del territorio ind\u00edgena, con cortes de caminos y da\u00f1os materiales que ponen en riesgo la seguridad y la conectividad de las comunidades.<\/p>\n<p style=\"text-align: justify\">En comunicaci\u00f3n con la Red ACLO, el capit\u00e1n grande, Francisco P\u00e9rez Nazario, inform\u00f3 que las comunidades asentadas en la margen derecho del r\u00edo Pilcomayo son las m\u00e1s vulnerables, desde Capirendita y San Antonio hasta la zona fronteriza de D\u2019Orbigny.<\/p>\n<p style=\"text-align: justify\">Denunci\u00f3 la falta de soluciones estructurales y record\u00f3 que varias comunidades solicitan su traslado desde hace a\u00f1os sin recibir respuesta, adem\u00e1s de cuestionar la precariedad de los trabajos de mitigaci\u00f3n realizados en sectores cr\u00edticos.<\/p>\n<p style=\"text-align: justify\">Ante esta cr\u00edtica situaci\u00f3n, la Naci\u00f3n Weenhayek anunci\u00f3 la presentaci\u00f3n de notas oficiales al Gobierno Regional de Villa Montes y al Municipio para que socorran a las comunidades que quedaron aisladas. Tambi\u00e9n exigir\u00e1n la intervenci\u00f3n inmediata del Gobierno Nacional y de los legisladores del departamento de Tarija. La dirigencia ind\u00edgena demand\u00f3 la conformaci\u00f3n de una comisi\u00f3n t\u00e9cnica que realice una verificaci\u00f3n presencial de los da\u00f1os, advirtiendo que la falta de acci\u00f3n oportuna podr\u00eda derivar en p\u00e9rdidas humanas irreparables.<\/p>\n<p style=\"text-align: justify\">Crecida alarmante<\/p>\n<p style=\"text-align: justify\">Seg\u00fan los reportes del monitoreo realizado por las comunidades de las riberas del Pilcomayo, el mi\u00e9rcoles 21 de enero el caudal del r\u00edo alcanz\u00f3 un pico de 6,69 metros en Puente Aruma y 3,68 metros en el sector de la Bomba en la ciudad de Villa Montes. El jueves 22 de enero, la Unidad de Seguridad Ciudadana, en coordinaci\u00f3n con el presidente de la comunidad La Victoria, realiz\u00f3 una evaluaci\u00f3n preventiva en el margen derecho del r\u00edo para identificar posibles desbordes y riesgos para viviendas.<\/p>\n<p style=\"text-align: justify\">No se evidenci\u00f3 desborde del r\u00edo ni se registraron viviendas afectadas. Sin embargo, las autoridades mantienen un monitoreo permanente del r\u00edo Pilcomayo para garantizar la seguridad de las familias de la regi\u00f3n y actuar de inmediato ante cualquier eventualidad.<\/p>\n<p style=\"text-align: justify\">De mantenerse las constantes lluvias, se prev\u00e9 que las comunidades ubicadas en la zona baja del r\u00edo sean las primeras afectadas, como Esmeralda, Cutaiqui, Resistencia, Cardonal y Crevaux, entre otras.<\/p>\n<p style=\"text-align: justify\">Por ello, las autoridades recomendaron a los comunarios mantenerse alejados de los m\u00e1rgenes del rio Pilcomayo para evitar inconvenientes que puedan afectar su integridad f\u00edsica.<\/p>\n<p style=\"text-align: justify\">El posible desborde del r\u00edo tambi\u00e9n preocupa a las comunidades ribere\u00f1as de Argentina, donde trabajan a contra reloj para evitar que el afluente pierda su cauce.<\/p>\n<p style=\"text-align: justify\">Comunarios y personal de la Municipal de Santa Victoria Este realizan el llenando de bolsas con arena, para ubicarlas en las riberas y contener la crecida del r\u00edo Pilcomayo.<\/p>\n","protected":false},"excerpt":{"rendered":"<p>La crecida del r\u00edo Pilcomayo mantiene en vilo a varias comunidades que viven sobre las riberas del afluente internacional. Aunque las lluvias cesaron en la Regi\u00f3n Aut\u00f3noma del Chaco, en la cuenca alta se mantienen, lo que puede provocar un desborde en cualquier momento. El pueblo Weenhayek se declar\u00f3 en estado de emergencia y alerta [&hellip;]<\/p>\n","protected":false},"author":1,"featured_media":83806,"comment_status":"closed","ping_status":"open","sticky":false,"template":"","format":"standard","meta":{"footnotes":""},"categories":[20],"tags":[],"class_list":{"0":"post-83805","1":"post","2":"type-post","3":"status-publish","4":"format-standard","5":"has-post-thumbnail","7":"category-actualidad"},"_links":{"self":[{"href":"https:\/\/jms.com.bo\/mediamonitor\/wp-json\/wp\/v2\/posts\/83805","targetHints":{"allow":["GET"]}}],"collection":[{"href":"https:\/\/jms.com.bo\/mediamonitor\/wp-json\/wp\/v2\/posts"}],"about":[{"href":"https:\/\/jms.com.bo\/mediamonitor\/wp-json\/wp\/v2\/types\/post"}],"author":[{"embeddable":true,"href":"https:\/\/jms.com.bo\/mediamonitor\/wp-json\/wp\/v2\/users\/1"}],"replies":[{"embeddable":true,"href":"https:\/\/jms.com.bo\/mediamonitor\/wp-json\/wp\/v2\/comments?post=83805"}],"version-history":[{"count":0,"href":"https:\/\/jms.com.bo\/mediamonitor\/wp-json\/wp\/v2\/posts\/83805\/revisions"}],"wp:featuredmedia":[{"embeddable":true,"href":"https:\/\/jms.com.bo\/mediamonitor\/wp-json\/wp\/v2\/media\/83806"}],"wp:attachment":[{"href":"https:\/\/jms.com.bo\/mediamonitor\/wp-json\/wp\/v2\/media?parent=83805"}],"wp:term":[{"taxonomy":"category","embeddable":true,"href":"https:\/\/jms.com.bo\/mediamonitor\/wp-json\/wp\/v2\/categories?post=83805"},{"taxonomy":"post_tag","embeddable":true,"href":"https:\/\/jms.com.bo\/mediamonitor\/wp-json\/wp\/v2\/tags?post=83805"}],"curies":[{"name":"wp","href":"https:\/\/api.w.org\/{rel}","templated":true}]}}