{"id":83807,"date":"2026-01-26T07:05:15","date_gmt":"2026-01-26T11:05:15","guid":{"rendered":"https:\/\/mediamonitorbo.com.bo\/?p=17036"},"modified":"2026-01-26T07:05:19","modified_gmt":"2026-01-26T11:05:19","slug":"att-pone-en-vigencia-nuevas-tarifas-aereas-y-recibe-criticas-de-doria-medina","status":"publish","type":"post","link":"https:\/\/jms.com.bo\/mediamonitor\/2026\/01\/26\/att-pone-en-vigencia-nuevas-tarifas-aereas-y-recibe-criticas-de-doria-medina\/","title":{"rendered":"ATT pone en vigencia nuevas tarifas a\u00e9reas y recibe cr\u00edticas de Doria Medina"},"content":{"rendered":"<p class=\"_aupe copyable-text x15bjb6t x1n2onr6\" style=\"text-align: justify\"><span class=\"_aupe copyable-text xkrh14z\">La Autoridad de Regulaci\u00f3n y Fiscalizaci\u00f3n de Telecomunicaciones y Transportes (ATT) public\u00f3 este domingo un listado de tarifas a\u00e9reas transitorias que entran en vigencia a partir de este lunes, en el marco del ajuste provisional de las Tarifas M\u00e1ximas de Referencia para el Servicio P\u00fablico de Transporte A\u00e9reo de pasajeros.<\/span><\/p>\n<p class=\"_aupe copyable-text x15bjb6t x1n2onr6\" style=\"text-align: justify\"><span class=\"_aupe copyable-text xkrh14z\">De acuerdo con la informaci\u00f3n difundida en su portal oficial, estas tarifas tendr\u00e1n una vigencia de 180 d\u00edas calendario y, seg\u00fan la entidad reguladora, la medida busca garantizar la continuidad del servicio a\u00e9reo y promover la incorporaci\u00f3n de nuevas rutas a nivel nacional.<\/span><\/p>\n<p class=\"_aupe copyable-text x15bjb6t x1n2onr6\" style=\"text-align: justify\"><span class=\"_aupe copyable-text xkrh14z\">Entre las rutas con mayor demanda, el tramo La Paz\u2013Santa Cruz y viceversa fue fijado en Bs 1.118, mientras que el pasaje La Paz\u2013Cochabamba tendr\u00e1 un costo de Bs 554 y la ruta Cochabamba\u2013Santa Cruz Bs 713.<\/span><\/p>\n<p class=\"_aupe copyable-text x15bjb6t x1n2onr6\" style=\"text-align: justify\"><span class=\"_aupe copyable-text xkrh14z\">En cuanto a las nuevas conexiones, los precios que m\u00e1s llamaron la atenci\u00f3n son La Paz\u2013Uyuni con Bs 1.445, Oruro\u2013Santa Cruz con Bs 987 y Cochabamba\u2013Oruro con Bs 597.<\/span><\/p>\n<p class=\"_aupe copyable-text x15bjb6t x1n2onr6\" style=\"text-align: justify\"><span class=\"_aupe copyable-text xkrh14z\">Asimismo, otras rutas interdepartamentales presentan costos elevados, como Trinidad\u2013Riberalta (Bs 1.020), Trinidad\u2013Guayaramer\u00edn (Bs 1.004), La Paz\u2013Puerto Su\u00e1rez (Bs 1.668) y La Paz\u2013Cobija (Bs 1.552), seg\u00fan el listado oficial publicado por la ATT.<\/span><\/p>\n<p class=\"_aupe copyable-text x15bjb6t x1n2onr6\" style=\"text-align: justify\"><img decoding=\"async\" src=\"https:\/\/jms.com.bo\/mediamonitor\/wp-content\/uploads\/2026\/01\/tarifario-vuelos.jpg\" \/><\/p>\n<p class=\"_aupe copyable-text x15bjb6t x1n2onr6\" style=\"text-align: justify\"><span class=\"_aupe copyable-text xkrh14z\">La decisi\u00f3n administrativa fue cuestionada por el empresario y socio pol\u00edtico del Gobierno, Samuel Doria Medina, quien observ\u00f3 el incremento de las tarifas y advirti\u00f3 sobre su impacto econ\u00f3mico.<\/span><\/p>\n<p class=\"_aupe copyable-text x15bjb6t x1n2onr6\" style=\"text-align: justify\"><span class=\"_aupe copyable-text xkrh14z\">\u201cHace mal la Autoridad de Transportes en subir el precio de los viajes a\u00e9reos. Me preocupa sus efectos sobre la inflaci\u00f3n\u201d, escribi\u00f3 en sus redes sociales.<\/span><\/p>\n<p class=\"_aupe copyable-text x15bjb6t x1n2onr6\" style=\"text-align: justify\"><span class=\"_aupe copyable-text xkrh14z\">Doria Medina sostuvo adem\u00e1s que el ajuste no se justifica, debido a que el combustible utilizado por las aeronaves no est\u00e1 subvencionado, y afirm\u00f3 que \u201creducir la inflaci\u00f3n deber\u00eda ser la principal prioridad de todos los funcionarios del Estado\u201d.<\/span><\/p>\n<p class=\"_aupe copyable-text x15bjb6t x1n2onr6\" style=\"text-align: justify\"><span class=\"_aupe copyable-text xkrh14z\">La Resoluci\u00f3n Administrativa que autoriza el incremento de las tarifas a\u00e9reas transitorias lleva la firma del director ejecutivo de la ATT, Carlos Agreda.<\/span><\/p>\n","protected":false},"excerpt":{"rendered":"<p>La Autoridad de Regulaci\u00f3n y Fiscalizaci\u00f3n de Telecomunicaciones y Transportes (ATT) public\u00f3 este domingo un listado de tarifas a\u00e9reas transitorias que entran en vigencia a partir de este lunes, en el marco del ajuste provisional de las Tarifas M\u00e1ximas de Referencia para el Servicio P\u00fablico de Transporte A\u00e9reo de pasajeros. De acuerdo con la informaci\u00f3n [&hellip;]<\/p>\n","protected":false},"author":1,"featured_media":83808,"comment_status":"closed","ping_status":"open","sticky":false,"template":"","format":"standard","meta":{"footnotes":""},"categories":[20,47,48],"tags":[],"class_list":{"0":"post-83807","1":"post","2":"type-post","3":"status-publish","4":"format-standard","5":"has-post-thumbnail","7":"category-actualidad","8":"category-portada-actualidad","9":"category-portada-general-sitio"},"_links":{"self":[{"href":"https:\/\/jms.com.bo\/mediamonitor\/wp-json\/wp\/v2\/posts\/83807","targetHints":{"allow":["GET"]}}],"collection":[{"href":"https:\/\/jms.com.bo\/mediamonitor\/wp-json\/wp\/v2\/posts"}],"about":[{"href":"https:\/\/jms.com.bo\/mediamonitor\/wp-json\/wp\/v2\/types\/post"}],"author":[{"embeddable":true,"href":"https:\/\/jms.com.bo\/mediamonitor\/wp-json\/wp\/v2\/users\/1"}],"replies":[{"embeddable":true,"href":"https:\/\/jms.com.bo\/mediamonitor\/wp-json\/wp\/v2\/comments?post=83807"}],"version-history":[{"count":1,"href":"https:\/\/jms.com.bo\/mediamonitor\/wp-json\/wp\/v2\/posts\/83807\/revisions"}],"predecessor-version":[{"id":83810,"href":"https:\/\/jms.com.bo\/mediamonitor\/wp-json\/wp\/v2\/posts\/83807\/revisions\/83810"}],"wp:featuredmedia":[{"embeddable":true,"href":"https:\/\/jms.com.bo\/mediamonitor\/wp-json\/wp\/v2\/media\/83808"}],"wp:attachment":[{"href":"https:\/\/jms.com.bo\/mediamonitor\/wp-json\/wp\/v2\/media?parent=83807"}],"wp:term":[{"taxonomy":"category","embeddable":true,"href":"https:\/\/jms.com.bo\/mediamonitor\/wp-json\/wp\/v2\/categories?post=83807"},{"taxonomy":"post_tag","embeddable":true,"href":"https:\/\/jms.com.bo\/mediamonitor\/wp-json\/wp\/v2\/tags?post=83807"}],"curies":[{"name":"wp","href":"https:\/\/api.w.org\/{rel}","templated":true}]}}