{"id":83813,"date":"2026-01-26T07:10:16","date_gmt":"2026-01-26T11:10:16","guid":{"rendered":"https:\/\/mediamonitorbo.com.bo\/?p=17042"},"modified":"2026-01-26T07:10:16","modified_gmt":"2026-01-26T11:10:16","slug":"lara-le-dice-a-paz-que-gobernar-por-internet-vulnera-la-constitucion","status":"publish","type":"post","link":"https:\/\/jms.com.bo\/mediamonitor\/2026\/01\/26\/lara-le-dice-a-paz-que-gobernar-por-internet-vulnera-la-constitucion\/","title":{"rendered":"Lara le dice a Paz que gobernar \u2018por internet\u2019 vulnera la Constituci\u00f3n"},"content":{"rendered":"<p style=\"text-align: justify\">El vicepresidente del Estado, Edmand Lara, lanz\u00f3 duras cr\u00edticas contra el presidente Rodrigo Paz y lo acus\u00f3 de vulnerar la Constituci\u00f3n Pol\u00edtica del Estado (CPE) al intentar ejercer el poder mediante decretos y medios digitales.<\/p>\n<p style=\"text-align: justify\">\u201cQuieren gobernar por decreto, pisoteando la Constituci\u00f3n. \u00bfCu\u00e1ndo se ha visto que se gobierne por internet?\u201d, cuestion\u00f3 Lara en referencia al Decreto Supremo 5515, que habilita al mandatario a ejercer funciones a distancia.<\/p>\n<p style=\"text-align: justify\">En tono ir\u00f3nico, el vicepresidente ampli\u00f3 su cr\u00edtica y puso en duda la legalidad de esa modalidad de gesti\u00f3n. \u201c\u00bfCualquier rato los alcaldes se van a ir a Nueva York y de all\u00e1 le van a tirar (su mandato) por WhatsApp? \u00bfCu\u00e1ndo se ha visto esa estupidez?\u201d, protest\u00f3.<\/p>\n<p style=\"text-align: justify\">Edmand Lara<br \/>\nLara sostuvo que este tipo de decisiones no quedar\u00e1n impunes y que el tiempo ser\u00e1 el encargado de juzgar a quienes, en su criterio, act\u00faan al margen de la Constituci\u00f3n y concentran el poder.<\/p>\n<p style=\"text-align: justify\">\u201cYo se lo dejo tiempo al tiempo. Todo tirano muere con su propio veneno\u201d, expres\u00f3, en un mensaje dirigido directamente al jefe de Estado.<\/p>\n<p style=\"text-align: justify\">El vicepresidente fue m\u00e1s all\u00e1 y advirti\u00f3 con procesos judiciales futuros contra Rodrigo Paz una vez que concluya su mandato presidencial. \u201cAs\u00ed como Rodrigo Paz est\u00e1 pisoteando la Constituci\u00f3n Pol\u00edtica del Estado, el d\u00eda que deje de ser presidente, ese d\u00eda lo vamos a juzgar\u201d, sostuvo.<\/p>\n<p style=\"text-align: justify\">Seg\u00fan Lara, el propio decreto firmado por el mandatario constituir\u00eda una prueba de las supuestas irregularidades. \u201cCon el mismo decreto que ha firmado es la prueba del delito que ha cometido\u201d, afirm\u00f3.<\/p>\n<p style=\"text-align: justify\">Finalmente, reiter\u00f3 que el presidente deber\u00e1 rendir cuentas ante la Justicia. \u201cVa a pagar y va a rendir cuentas. Y no se va a salvar\u201d, concluy\u00f3.<\/p>\n<p style=\"text-align: justify\">As\u00ed, Lara mantiene vigentes las diferencias con quien gan\u00f3 las elecciones generales del 17 de agosto y el balotaje del 19 de octubre de 2025.<\/p>\n","protected":false},"excerpt":{"rendered":"<p>El vicepresidente del Estado, Edmand Lara, lanz\u00f3 duras cr\u00edticas contra el presidente Rodrigo Paz y lo acus\u00f3 de vulnerar la Constituci\u00f3n Pol\u00edtica del Estado (CPE) al intentar ejercer el poder mediante decretos y medios digitales. \u201cQuieren gobernar por decreto, pisoteando la Constituci\u00f3n. \u00bfCu\u00e1ndo se ha visto que se gobierne por internet?\u201d, cuestion\u00f3 Lara en referencia [&hellip;]<\/p>\n","protected":false},"author":1,"featured_media":83814,"comment_status":"closed","ping_status":"open","sticky":false,"template":"","format":"standard","meta":{"footnotes":""},"categories":[18],"tags":[],"class_list":{"0":"post-83813","1":"post","2":"type-post","3":"status-publish","4":"format-standard","5":"has-post-thumbnail","7":"category-politica"},"_links":{"self":[{"href":"https:\/\/jms.com.bo\/mediamonitor\/wp-json\/wp\/v2\/posts\/83813","targetHints":{"allow":["GET"]}}],"collection":[{"href":"https:\/\/jms.com.bo\/mediamonitor\/wp-json\/wp\/v2\/posts"}],"about":[{"href":"https:\/\/jms.com.bo\/mediamonitor\/wp-json\/wp\/v2\/types\/post"}],"author":[{"embeddable":true,"href":"https:\/\/jms.com.bo\/mediamonitor\/wp-json\/wp\/v2\/users\/1"}],"replies":[{"embeddable":true,"href":"https:\/\/jms.com.bo\/mediamonitor\/wp-json\/wp\/v2\/comments?post=83813"}],"version-history":[{"count":0,"href":"https:\/\/jms.com.bo\/mediamonitor\/wp-json\/wp\/v2\/posts\/83813\/revisions"}],"wp:featuredmedia":[{"embeddable":true,"href":"https:\/\/jms.com.bo\/mediamonitor\/wp-json\/wp\/v2\/media\/83814"}],"wp:attachment":[{"href":"https:\/\/jms.com.bo\/mediamonitor\/wp-json\/wp\/v2\/media?parent=83813"}],"wp:term":[{"taxonomy":"category","embeddable":true,"href":"https:\/\/jms.com.bo\/mediamonitor\/wp-json\/wp\/v2\/categories?post=83813"},{"taxonomy":"post_tag","embeddable":true,"href":"https:\/\/jms.com.bo\/mediamonitor\/wp-json\/wp\/v2\/tags?post=83813"}],"curies":[{"name":"wp","href":"https:\/\/api.w.org\/{rel}","templated":true}]}}