{"id":83819,"date":"2026-01-26T07:17:40","date_gmt":"2026-01-26T11:17:40","guid":{"rendered":"https:\/\/mediamonitorbo.com.bo\/?p=17051"},"modified":"2026-01-26T07:17:40","modified_gmt":"2026-01-26T11:17:40","slug":"gestora-publica-inicia-el-pago-del-bono-pepe-a-partir-de-este-lunes","status":"publish","type":"post","link":"https:\/\/jms.com.bo\/mediamonitor\/2026\/01\/26\/gestora-publica-inicia-el-pago-del-bono-pepe-a-partir-de-este-lunes\/","title":{"rendered":"Gestora P\u00fablica inicia el pago del bono PEPE a partir de este lunes"},"content":{"rendered":"<p style=\"text-align: justify\">El director general de la Gestora P\u00fablica, Vladimir Fern\u00e1ndez Quiroga, confirm\u00f3 que a partir de este lunes se inicia el pago mensual de Bs 150 correspondiente al Programa Extraordinario de Protecci\u00f3n y Equidad (PEPE), creado para mitigar el impacto social y econ\u00f3mico generado tras el levantamiento de la subvenci\u00f3n estatal a la gasolina y el di\u00e9sel.<\/p>\n<p style=\"text-align: justify\">En entrevista con el programa Hagamos Democracia de la red Erbol, Fern\u00e1ndez explic\u00f3 que el pago se realizar\u00e1 de manera ordenada, de acuerdo con la fecha de nacimiento registrada en la base de datos de los beneficiarios de distintos programas sociales, como el Bono Juana Azurduy, Bono Juancito Pinto, Bono de Indigencia o Ceguera, Bono por Discapacidad Grave o Muy Grave y la Renta Dignidad para personas no rentistas.<\/p>\n<p style=\"text-align: justify\">Precis\u00f3 que los beneficiarios podr\u00e1n cobrar el bono en las entidades financieras habilitadas, presentando \u00fanicamente su c\u00e9dula de identidad original y vigente, sin necesidad de formularios ni fotocopias adicionales.<\/p>\n<p style=\"text-align: justify\">El bono PEPE consiste en un apoyo econ\u00f3mico temporal de Bs 450, distribuido en pagos mensuales de Bs 150, y alcanza a madres gestantes o con ni\u00f1os menores de dos a\u00f1os que reciben el Bono Juana Azurduy, as\u00ed como a padres o tutores de estudiantes beneficiarios del Bono Juancito Pinto.<\/p>\n<p style=\"text-align: justify\">Desde el Gobierno se inform\u00f3 que el PEPE fue dise\u00f1ado como una herramienta de protecci\u00f3n social directa, transparente y accesible, con el objetivo de llegar a los hogares m\u00e1s vulnerables, evitando duplicidades, fraudes o confusi\u00f3n respecto a los beneficiarios y los mecanismos de acceso al beneficio.<\/p>\n<p style=\"text-align: justify\">\n","protected":false},"excerpt":{"rendered":"<p>El director general de la Gestora P\u00fablica, Vladimir Fern\u00e1ndez Quiroga, confirm\u00f3 que a partir de este lunes se inicia el pago mensual de Bs 150 correspondiente al Programa Extraordinario de Protecci\u00f3n y Equidad (PEPE), creado para mitigar el impacto social y econ\u00f3mico generado tras el levantamiento de la subvenci\u00f3n estatal a la gasolina y el [&hellip;]<\/p>\n","protected":false},"author":1,"featured_media":83820,"comment_status":"closed","ping_status":"open","sticky":false,"template":"","format":"standard","meta":{"footnotes":""},"categories":[25],"tags":[],"class_list":{"0":"post-83819","1":"post","2":"type-post","3":"status-publish","4":"format-standard","5":"has-post-thumbnail","7":"category-economia"},"_links":{"self":[{"href":"https:\/\/jms.com.bo\/mediamonitor\/wp-json\/wp\/v2\/posts\/83819","targetHints":{"allow":["GET"]}}],"collection":[{"href":"https:\/\/jms.com.bo\/mediamonitor\/wp-json\/wp\/v2\/posts"}],"about":[{"href":"https:\/\/jms.com.bo\/mediamonitor\/wp-json\/wp\/v2\/types\/post"}],"author":[{"embeddable":true,"href":"https:\/\/jms.com.bo\/mediamonitor\/wp-json\/wp\/v2\/users\/1"}],"replies":[{"embeddable":true,"href":"https:\/\/jms.com.bo\/mediamonitor\/wp-json\/wp\/v2\/comments?post=83819"}],"version-history":[{"count":0,"href":"https:\/\/jms.com.bo\/mediamonitor\/wp-json\/wp\/v2\/posts\/83819\/revisions"}],"wp:featuredmedia":[{"embeddable":true,"href":"https:\/\/jms.com.bo\/mediamonitor\/wp-json\/wp\/v2\/media\/83820"}],"wp:attachment":[{"href":"https:\/\/jms.com.bo\/mediamonitor\/wp-json\/wp\/v2\/media?parent=83819"}],"wp:term":[{"taxonomy":"category","embeddable":true,"href":"https:\/\/jms.com.bo\/mediamonitor\/wp-json\/wp\/v2\/categories?post=83819"},{"taxonomy":"post_tag","embeddable":true,"href":"https:\/\/jms.com.bo\/mediamonitor\/wp-json\/wp\/v2\/tags?post=83819"}],"curies":[{"name":"wp","href":"https:\/\/api.w.org\/{rel}","templated":true}]}}