{"id":83821,"date":"2026-01-26T07:20:03","date_gmt":"2026-01-26T11:20:03","guid":{"rendered":"https:\/\/mediamonitorbo.com.bo\/?p=17054"},"modified":"2026-01-26T07:20:03","modified_gmt":"2026-01-26T11:20:03","slug":"espinoza-bolivia-podria-dar-sorpresa-con-crecimiento-positivo-en-2026","status":"publish","type":"post","link":"https:\/\/jms.com.bo\/mediamonitor\/2026\/01\/26\/espinoza-bolivia-podria-dar-sorpresa-con-crecimiento-positivo-en-2026\/","title":{"rendered":"Espinoza: Bolivia podr\u00eda dar \u2018sorpresa\u2019 con crecimiento positivo en 2026"},"content":{"rendered":"<p style=\"text-align: justify\">El ministro de Econom\u00eda, Gabriel Espinoza, anticip\u00f3 que este a\u00f1o Bolivia podr\u00eda \u201cdar una sorpresa\u201d al revertir las previsiones negativas del Producto Interno Bruto (PIB) y registrar un crecimiento positivo.<\/p>\n<p style=\"text-align: justify\">En una entrevista con Bloomberg L\u00ednea en Davos, en el marco del Foro Econ\u00f3mico Mundial, Espinoza se\u00f1al\u00f3 que las proyecciones del Banco Mundial no consideraron el impacto de la eliminaci\u00f3n del subsidio a los combustibles, medida que \u2014seg\u00fan dijo\u2014 se aplic\u00f3 sin generar un \u201cimpacto inflacionario gigantesco\u201d.<\/p>\n<p style=\"text-align: justify\">\u201cEsa perspectiva pesimista la van a revisar (el Banco Mundial) en el primer o segundo trimestre y yo creo que vamos a dar una sorpresa. Probablemente no sea el a\u00f1o con mayor crecimiento de la historia, pero s\u00ed vamos a tener un crecimiento positivo\u201d, afirm\u00f3 el ministro.<\/p>\n<p style=\"text-align: justify\">Espinoza destac\u00f3 adem\u00e1s que la acumulaci\u00f3n de Reservas Internacionales Netas (RIN) avanza a buen ritmo, lo que contribuye a estabilizar la econom\u00eda del pa\u00eds.<\/p>\n<p style=\"text-align: justify\">Hace unos d\u00edas, el Banco Mundial proyect\u00f3 que el PIB de Bolivia se contraer\u00e1 en -1,1% este a\u00f1o y -1,5% en 2027.<\/p>\n<p style=\"text-align: justify\">\u201cLas perspectivas del Banco Mundial (BM) son bastante pesimistas. Ya llevamos pr\u00e1cticamente un mes y medio con el nuevo precio de combustibles y los precios se han mantenido relativamente en l\u00ednea con lo que ten\u00edamos antes de salir del subsidio\u201d, a\u00f1adi\u00f3.<\/p>\n<p style=\"text-align: justify\">Crisis<br \/>\nDurante la entrevista, el ministro subray\u00f3 que la nueva administraci\u00f3n enfrenta una dura crisis econ\u00f3mica heredada.<\/p>\n<p style=\"text-align: justify\">\u201cLlegamos al Gobierno con cerca de $us 70 millones de reservas l\u00edquidas en el Banco Central. Hoy estamos arriba de los $us 580 millones. A eso hemos sumado pol\u00edticas de transparencia de datos\u201d, asegur\u00f3.<\/p>\n<p style=\"text-align: justify\">Espinoza record\u00f3 tambi\u00e9n que, a mediados de enero, Fitch Ratings elev\u00f3 la calificaci\u00f3n de riesgo de Bolivia a \u201cCCC\u201d, debido a menores riesgos de impago y de reestructuraci\u00f3n.<\/p>\n<p style=\"text-align: justify\">A la fecha, el pa\u00eds ha gestionado un paquete de $us 4.500 millones del Banco Interamericano de Desarrollo (BID) y otros $us 3.100 millones del Banco de Desarrollo de Am\u00e9rica Latina y el Caribe (CAF).<\/p>\n<p style=\"text-align: justify\">\u201cDurante los \u00faltimos 20 a\u00f1os, no solo se cerr\u00f3 Bolivia al mundo, tambi\u00e9n se aprision\u00f3 al sector privado, aisl\u00e1ndolo del financiamiento internacional. Esto deriv\u00f3 en falta de exploraci\u00f3n, desarrollo de reservas y nuevos sectores\u201d, explic\u00f3.<\/p>\n<p style=\"text-align: justify\">Inflaci\u00f3n<br \/>\nSobre la inflaci\u00f3n, Espinoza indic\u00f3 que el Gobierno ejecuta dos estrategias para contenerla.<\/p>\n<p style=\"text-align: justify\">La primera es un proceso de derisking para recuperar la confianza de los mercados y reducir riesgos pa\u00eds.<\/p>\n<p style=\"text-align: justify\">La segunda corresponde al frente productivo interno, donde se trabaja \u201cen un ejercicio muy fuerte de eliminaci\u00f3n de regulaciones excesivas\u201d acumuladas en los \u00faltimos a\u00f1os.<\/p>\n<p style=\"text-align: justify\">Finalmente, el ministro se\u00f1al\u00f3 que en Davos sostuvo reuniones con bancos internacionales y representantes de diversos pa\u00edses para atraer capital hacia Bolivia. En ese marco, destac\u00f3 a M\u00e9xico como un socio clave por su relaci\u00f3n con Estados Unidos, su desarrollo industrial y las oportunidades que ofrece en sectores como la miner\u00eda.<\/p>\n","protected":false},"excerpt":{"rendered":"<p>El ministro de Econom\u00eda, Gabriel Espinoza, anticip\u00f3 que este a\u00f1o Bolivia podr\u00eda \u201cdar una sorpresa\u201d al revertir las previsiones negativas del Producto Interno Bruto (PIB) y registrar un crecimiento positivo. En una entrevista con Bloomberg L\u00ednea en Davos, en el marco del Foro Econ\u00f3mico Mundial, Espinoza se\u00f1al\u00f3 que las proyecciones del Banco Mundial no consideraron [&hellip;]<\/p>\n","protected":false},"author":1,"featured_media":83822,"comment_status":"closed","ping_status":"open","sticky":false,"template":"","format":"standard","meta":{"footnotes":""},"categories":[25],"tags":[],"class_list":{"0":"post-83821","1":"post","2":"type-post","3":"status-publish","4":"format-standard","5":"has-post-thumbnail","7":"category-economia"},"_links":{"self":[{"href":"https:\/\/jms.com.bo\/mediamonitor\/wp-json\/wp\/v2\/posts\/83821","targetHints":{"allow":["GET"]}}],"collection":[{"href":"https:\/\/jms.com.bo\/mediamonitor\/wp-json\/wp\/v2\/posts"}],"about":[{"href":"https:\/\/jms.com.bo\/mediamonitor\/wp-json\/wp\/v2\/types\/post"}],"author":[{"embeddable":true,"href":"https:\/\/jms.com.bo\/mediamonitor\/wp-json\/wp\/v2\/users\/1"}],"replies":[{"embeddable":true,"href":"https:\/\/jms.com.bo\/mediamonitor\/wp-json\/wp\/v2\/comments?post=83821"}],"version-history":[{"count":0,"href":"https:\/\/jms.com.bo\/mediamonitor\/wp-json\/wp\/v2\/posts\/83821\/revisions"}],"wp:featuredmedia":[{"embeddable":true,"href":"https:\/\/jms.com.bo\/mediamonitor\/wp-json\/wp\/v2\/media\/83822"}],"wp:attachment":[{"href":"https:\/\/jms.com.bo\/mediamonitor\/wp-json\/wp\/v2\/media?parent=83821"}],"wp:term":[{"taxonomy":"category","embeddable":true,"href":"https:\/\/jms.com.bo\/mediamonitor\/wp-json\/wp\/v2\/categories?post=83821"},{"taxonomy":"post_tag","embeddable":true,"href":"https:\/\/jms.com.bo\/mediamonitor\/wp-json\/wp\/v2\/tags?post=83821"}],"curies":[{"name":"wp","href":"https:\/\/api.w.org\/{rel}","templated":true}]}}