{"id":83823,"date":"2026-01-26T07:22:03","date_gmt":"2026-01-26T11:22:03","guid":{"rendered":"https:\/\/mediamonitorbo.com.bo\/?p=17058"},"modified":"2026-01-26T07:22:03","modified_gmt":"2026-01-26T11:22:03","slug":"organismos-financieros-ratifican-su-interes-en-cooperar-a-bolivia","status":"publish","type":"post","link":"https:\/\/jms.com.bo\/mediamonitor\/2026\/01\/26\/organismos-financieros-ratifican-su-interes-en-cooperar-a-bolivia\/","title":{"rendered":"Organismos financieros ratifican su inter\u00e9s en cooperar a Bolivia"},"content":{"rendered":"<p style=\"text-align: justify\">El Banco Mundial calific\u00f3 como \u201cmuy positiva\u201d la conversaci\u00f3n sostenida con el presidente Rodrigo Paz, enfocada en potenciar la agricultura en Bolivia con miras a generar mayores ingresos y mejores empleos para peque\u00f1os productores.<\/p>\n<p style=\"text-align: justify\">A trav\u00e9s de un breve mensaje difundido en sus redes sociales, el organismo financiero destac\u00f3 la proyecci\u00f3n de conformar cadenas de valor virtuosas, as\u00ed como un mayor rol del sector agr\u00edcola en el crecimiento econ\u00f3mico, las exportaciones y la seguridad alimentaria del pa\u00eds.<\/p>\n<p style=\"text-align: justify\">El encuentro estrat\u00e9gico se realiz\u00f3 el mi\u00e9rcoles y cont\u00f3 con la participaci\u00f3n de representantes del Banco Mundial y autoridades nacionales, quienes analizaron mecanismos de cooperaci\u00f3n t\u00e9cnica y financiera destinados a fortalecer el crecimiento de la econom\u00eda boliviana.<\/p>\n<p style=\"text-align: justify\">El presidente difundi\u00f3 tambi\u00e9n en sus redes sociales fotograf\u00edas del encuentro y subray\u00f3 la importancia de este tipo de alianzas para el desarrollo nacional, en el marco de un acercamiento orientado a consolidar proyectos de inversi\u00f3n de alto impacto en las industrias bolivianas.<\/p>\n<p style=\"text-align: justify\">Apoyo del FMI<\/p>\n<p style=\"text-align: justify\">En la recta final del Foro de Davos (Suiza), el ministro de Econom\u00eda y Finanzas P\u00fablicas, Jos\u00e9 Gabriel Espinoza, se ha reunido con la directora general del Fondo Monetario Internacional (FMI), Kristalina Georgieva.<\/p>\n<p style=\"text-align: justify\">\u201cTuve una conversaci\u00f3n muy enriquecedora con Gabriel Espinoza sobre los impresionantes esfuerzos del Gobierno boliviano para mejorar las condiciones de vida de todos los bolivianos en el #WEF26 (Foro Econ\u00f3mico Mundial 2026). El FMI apoyar\u00e1 este esfuerzo hist\u00f3rico en cada paso del camino\u201d, public\u00f3 Georgieva en X.<\/p>\n<p style=\"text-align: justify\">Sobre el encuentro, Espinoza dijo que inversionistas tienen inter\u00e9s de aplicar sus capitales en Bolivia.<\/p>\n","protected":false},"excerpt":{"rendered":"<p>El Banco Mundial calific\u00f3 como \u201cmuy positiva\u201d la conversaci\u00f3n sostenida con el presidente Rodrigo Paz, enfocada en potenciar la agricultura en Bolivia con miras a generar mayores ingresos y mejores empleos para peque\u00f1os productores. A trav\u00e9s de un breve mensaje difundido en sus redes sociales, el organismo financiero destac\u00f3 la proyecci\u00f3n de conformar cadenas de [&hellip;]<\/p>\n","protected":false},"author":1,"featured_media":83824,"comment_status":"closed","ping_status":"open","sticky":false,"template":"","format":"standard","meta":{"footnotes":""},"categories":[25,45,48],"tags":[],"class_list":{"0":"post-83823","1":"post","2":"type-post","3":"status-publish","4":"format-standard","5":"has-post-thumbnail","7":"category-economia","8":"category-portada-economia","9":"category-portada-general-sitio"},"_links":{"self":[{"href":"https:\/\/jms.com.bo\/mediamonitor\/wp-json\/wp\/v2\/posts\/83823","targetHints":{"allow":["GET"]}}],"collection":[{"href":"https:\/\/jms.com.bo\/mediamonitor\/wp-json\/wp\/v2\/posts"}],"about":[{"href":"https:\/\/jms.com.bo\/mediamonitor\/wp-json\/wp\/v2\/types\/post"}],"author":[{"embeddable":true,"href":"https:\/\/jms.com.bo\/mediamonitor\/wp-json\/wp\/v2\/users\/1"}],"replies":[{"embeddable":true,"href":"https:\/\/jms.com.bo\/mediamonitor\/wp-json\/wp\/v2\/comments?post=83823"}],"version-history":[{"count":0,"href":"https:\/\/jms.com.bo\/mediamonitor\/wp-json\/wp\/v2\/posts\/83823\/revisions"}],"wp:featuredmedia":[{"embeddable":true,"href":"https:\/\/jms.com.bo\/mediamonitor\/wp-json\/wp\/v2\/media\/83824"}],"wp:attachment":[{"href":"https:\/\/jms.com.bo\/mediamonitor\/wp-json\/wp\/v2\/media?parent=83823"}],"wp:term":[{"taxonomy":"category","embeddable":true,"href":"https:\/\/jms.com.bo\/mediamonitor\/wp-json\/wp\/v2\/categories?post=83823"},{"taxonomy":"post_tag","embeddable":true,"href":"https:\/\/jms.com.bo\/mediamonitor\/wp-json\/wp\/v2\/tags?post=83823"}],"curies":[{"name":"wp","href":"https:\/\/api.w.org\/{rel}","templated":true}]}}