{"id":83835,"date":"2026-01-27T07:04:15","date_gmt":"2026-01-27T11:04:15","guid":{"rendered":"https:\/\/mediamonitorbo.com.bo\/?p=17083"},"modified":"2026-01-27T07:04:15","modified_gmt":"2026-01-27T11:04:15","slug":"nina-fallece-por-rabia-humana-tras-ser-mordida-por-un-perro-antes-de-navidad","status":"publish","type":"post","link":"https:\/\/jms.com.bo\/mediamonitor\/2026\/01\/27\/nina-fallece-por-rabia-humana-tras-ser-mordida-por-un-perro-antes-de-navidad\/","title":{"rendered":"Ni\u00f1a fallece por rabia humana tras ser mordida por un perro antes de Navidad"},"content":{"rendered":"<p style=\"text-align: justify\">Una ni\u00f1a de siete a\u00f1os falleci\u00f3 a causa de rabia humana, convirti\u00e9ndose en la primera v\u00edctima fatal por esta enfermedad en 2026 en el departamento de Cochabamba. La menor hab\u00eda sido mordida por un perro en diciembre de 2025, antes de las fiestas de Navidad.<\/p>\n<p style=\"text-align: justify\">El caso fue confirmado por el Servicio Departamental de Salud (Sedes), que inform\u00f3 que el ataque ocurri\u00f3 el 23 de diciembre, cuando el can mordi\u00f3 a la peque\u00f1a a la altura del rostro dentro de su propio domicilio, en la zona norte de la ciudad.<\/p>\n<p style=\"text-align: justify\">Tras el incidente, la ni\u00f1a fue trasladada de emergencia a un centro de salud de referencia de su zona y posteriormente derivada a la Caja de Salud Cordes, donde permanec\u00eda internada bajo atenci\u00f3n m\u00e9dica especializada. Sin embargo, con el paso de los d\u00edas su estado de salud se fue deteriorando progresivamente.<\/p>\n<p style=\"text-align: justify\">Pese a los esfuerzos del personal m\u00e9dico y a la aplicaci\u00f3n del tratamiento correspondiente, la menor no logr\u00f3 superar la enfermedad y falleci\u00f3, confirm\u00e1ndose el diagn\u00f3stico de rabia humana.<\/p>\n<p style=\"text-align: justify\">\u201cLa paciente estuvo internada en una instituci\u00f3n de salud donde recibi\u00f3 todo el tratamiento que corresponde en estos casos. Lamentablemente, la rabia es una enfermedad mortal y tuvo un desenlace fatal con el fallecimiento de la menor\u201d, inform\u00f3 la directora del Sedes, Cinthia Rojas.<\/p>\n<p style=\"text-align: justify\">Tras el deceso, las autoridades sanitarias reiteraron el llamado a la poblaci\u00f3n a acudir de inmediato a un centro de salud ante cualquier mordedura de perro, adem\u00e1s de cumplir con la vacunaci\u00f3n anual de las mascotas.<\/p>\n<p style=\"text-align: justify\">Remarcaron que la atenci\u00f3n oportuna, la limpieza inmediata de la herida y la profilaxis antirr\u00e1bica son medidas fundamentales para evitar consecuencias fatales.<\/p>\n<p style=\"text-align: justify\">\u201cEs importante que la poblaci\u00f3n vacune a sus canes para no tener que lamentar p\u00e9rdidas humanas. Contamos con vacunas en todos los establecimientos p\u00fablicos de salud de Cochabamba durante todo el a\u00f1o, no solo en las campa\u00f1as masivas\u201d, agreg\u00f3 Rojas.<\/p>\n","protected":false},"excerpt":{"rendered":"<p>Una ni\u00f1a de siete a\u00f1os falleci\u00f3 a causa de rabia humana, convirti\u00e9ndose en la primera v\u00edctima fatal por esta enfermedad en 2026 en el departamento de Cochabamba. La menor hab\u00eda sido mordida por un perro en diciembre de 2025, antes de las fiestas de Navidad. El caso fue confirmado por el Servicio Departamental de Salud [&hellip;]<\/p>\n","protected":false},"author":1,"featured_media":83836,"comment_status":"closed","ping_status":"open","sticky":false,"template":"","format":"standard","meta":{"footnotes":""},"categories":[53],"tags":[],"class_list":{"0":"post-83835","1":"post","2":"type-post","3":"status-publish","4":"format-standard","5":"has-post-thumbnail","7":"category-salud"},"_links":{"self":[{"href":"https:\/\/jms.com.bo\/mediamonitor\/wp-json\/wp\/v2\/posts\/83835","targetHints":{"allow":["GET"]}}],"collection":[{"href":"https:\/\/jms.com.bo\/mediamonitor\/wp-json\/wp\/v2\/posts"}],"about":[{"href":"https:\/\/jms.com.bo\/mediamonitor\/wp-json\/wp\/v2\/types\/post"}],"author":[{"embeddable":true,"href":"https:\/\/jms.com.bo\/mediamonitor\/wp-json\/wp\/v2\/users\/1"}],"replies":[{"embeddable":true,"href":"https:\/\/jms.com.bo\/mediamonitor\/wp-json\/wp\/v2\/comments?post=83835"}],"version-history":[{"count":0,"href":"https:\/\/jms.com.bo\/mediamonitor\/wp-json\/wp\/v2\/posts\/83835\/revisions"}],"wp:featuredmedia":[{"embeddable":true,"href":"https:\/\/jms.com.bo\/mediamonitor\/wp-json\/wp\/v2\/media\/83836"}],"wp:attachment":[{"href":"https:\/\/jms.com.bo\/mediamonitor\/wp-json\/wp\/v2\/media?parent=83835"}],"wp:term":[{"taxonomy":"category","embeddable":true,"href":"https:\/\/jms.com.bo\/mediamonitor\/wp-json\/wp\/v2\/categories?post=83835"},{"taxonomy":"post_tag","embeddable":true,"href":"https:\/\/jms.com.bo\/mediamonitor\/wp-json\/wp\/v2\/tags?post=83835"}],"curies":[{"name":"wp","href":"https:\/\/api.w.org\/{rel}","templated":true}]}}