{"id":83841,"date":"2026-01-27T07:07:08","date_gmt":"2026-01-27T11:07:08","guid":{"rendered":"https:\/\/mediamonitorbo.com.bo\/?p=17089"},"modified":"2026-01-27T07:07:08","modified_gmt":"2026-01-27T11:07:08","slug":"ine-sella-alianzas-con-cao-y-civicos-para-impulsar-censo-agropecuario","status":"publish","type":"post","link":"https:\/\/jms.com.bo\/mediamonitor\/2026\/01\/27\/ine-sella-alianzas-con-cao-y-civicos-para-impulsar-censo-agropecuario\/","title":{"rendered":"INE sella alianzas con CAO y c\u00edvicos para impulsar Censo Agropecuario"},"content":{"rendered":"<p style=\"text-align: justify\">El Instituto Nacional de Estad\u00edstica (INE) sell\u00f3 alianzas con varias instituciones cruce\u00f1as para impulsar el Censo Agropecuario programado para este a\u00f1o.<\/p>\n<p style=\"text-align: justify\">El presidente del INE, Jorge Akamine, se reuni\u00f3 con el titular de la C\u00e1mara Agropecuaria del Oriente (CAO), Klaus Frerking, para explicar la importancia de la informaci\u00f3n estad\u00edstica que arrojar\u00e1 el censo.<\/p>\n<p style=\"text-align: justify\">La reuni\u00f3n cont\u00f3 tambi\u00e9n con la participaci\u00f3n de representantes de la Asociaci\u00f3n de Avicultores de Santa Cruz (ADA), la Federaci\u00f3n de Ganaderos de Santa Cruz (Fegasacruz) y la Asociaci\u00f3n de Criadores de Cerdo de Granjas Tecnificadas (Acricer).<\/p>\n<p style=\"text-align: justify\">Todos los sectores manifestaron su compromiso de trabajar juntos para transparentar los datos de producci\u00f3n, fortalecer la planificaci\u00f3n de la agroindustria y consolidar el crecimiento del departamento.<\/p>\n<p style=\"text-align: justify\">\u201cLa informaci\u00f3n precisa es fundamental para tomar decisiones informadas y promover el crecimiento del sector agropecuario\u201d, destac\u00f3 Frerking.<\/p>\n<p style=\"text-align: justify\">Seg\u00fan un reporte institucional, el Censo Agropecuario ser\u00e1 una oportunidad para mejorar la planificaci\u00f3n y el desarrollo del sector en Bolivia.<\/p>\n<p style=\"text-align: justify\">Adem\u00e1s, Akamine se reuni\u00f3 con el Comit\u00e9 C\u00edvico pro Santa Cruz y el Comit\u00e9 C\u00edvico Menonita, con el mismo objetivo.<\/p>\n<p style=\"text-align: justify\">Reuniones<br \/>\nLos encuentros sirvieron para coordinar esfuerzos y garantizar la transparencia y eficacia del proceso censal.<\/p>\n<p style=\"text-align: justify\">El director del INE present\u00f3 los lineamientos t\u00e9cnicos del Censo Agropecuario, destacando la importancia de la informaci\u00f3n precisa para el desarrollo del sector en el departamento.<\/p>\n<p style=\"text-align: justify\">Asimismo, el Comit\u00e9 C\u00edvico cruce\u00f1o expres\u00f3 su apoyo al proceso y se comprometi\u00f3 a colaborar para asegurar la participaci\u00f3n de la poblaci\u00f3n en el censo.<\/p>\n<p style=\"text-align: justify\">\u201cEstamos trabajando juntos para obtener datos precisos y actualizados que permitan tomar decisiones informadas y promover el crecimiento del sector agropecuario en Santa Cruz\u201d, afirm\u00f3 Akamine.<\/p>\n<p style=\"text-align: justify\">En el caso del Comit\u00e9 C\u00edvico Menonita, el INE logr\u00f3 tambi\u00e9n el compromiso de ese sector para colaborar en el levantamiento de informaci\u00f3n.<\/p>\n<p style=\"text-align: justify\">Respecto al encuentro en la Universidad Aut\u00f3noma Gabriel Ren\u00e9 Moreno (UAGRM), el rector Reinerio Vargas y la vicerrectora Juana Borja se comprometieron tambi\u00e9n a apoyar las actividades del censo.<\/p>\n","protected":false},"excerpt":{"rendered":"<p>El Instituto Nacional de Estad\u00edstica (INE) sell\u00f3 alianzas con varias instituciones cruce\u00f1as para impulsar el Censo Agropecuario programado para este a\u00f1o. El presidente del INE, Jorge Akamine, se reuni\u00f3 con el titular de la C\u00e1mara Agropecuaria del Oriente (CAO), Klaus Frerking, para explicar la importancia de la informaci\u00f3n estad\u00edstica que arrojar\u00e1 el censo. La reuni\u00f3n [&hellip;]<\/p>\n","protected":false},"author":1,"featured_media":83842,"comment_status":"closed","ping_status":"open","sticky":false,"template":"","format":"standard","meta":{"footnotes":""},"categories":[57],"tags":[],"class_list":{"0":"post-83841","1":"post","2":"type-post","3":"status-publish","4":"format-standard","5":"has-post-thumbnail","7":"category-alimentos-y-agroindustria"},"_links":{"self":[{"href":"https:\/\/jms.com.bo\/mediamonitor\/wp-json\/wp\/v2\/posts\/83841","targetHints":{"allow":["GET"]}}],"collection":[{"href":"https:\/\/jms.com.bo\/mediamonitor\/wp-json\/wp\/v2\/posts"}],"about":[{"href":"https:\/\/jms.com.bo\/mediamonitor\/wp-json\/wp\/v2\/types\/post"}],"author":[{"embeddable":true,"href":"https:\/\/jms.com.bo\/mediamonitor\/wp-json\/wp\/v2\/users\/1"}],"replies":[{"embeddable":true,"href":"https:\/\/jms.com.bo\/mediamonitor\/wp-json\/wp\/v2\/comments?post=83841"}],"version-history":[{"count":0,"href":"https:\/\/jms.com.bo\/mediamonitor\/wp-json\/wp\/v2\/posts\/83841\/revisions"}],"wp:featuredmedia":[{"embeddable":true,"href":"https:\/\/jms.com.bo\/mediamonitor\/wp-json\/wp\/v2\/media\/83842"}],"wp:attachment":[{"href":"https:\/\/jms.com.bo\/mediamonitor\/wp-json\/wp\/v2\/media?parent=83841"}],"wp:term":[{"taxonomy":"category","embeddable":true,"href":"https:\/\/jms.com.bo\/mediamonitor\/wp-json\/wp\/v2\/categories?post=83841"},{"taxonomy":"post_tag","embeddable":true,"href":"https:\/\/jms.com.bo\/mediamonitor\/wp-json\/wp\/v2\/tags?post=83841"}],"curies":[{"name":"wp","href":"https:\/\/api.w.org\/{rel}","templated":true}]}}