{"id":83843,"date":"2026-01-27T07:08:07","date_gmt":"2026-01-27T11:08:07","guid":{"rendered":"https:\/\/mediamonitorbo.com.bo\/?p=17092"},"modified":"2026-01-27T07:08:07","modified_gmt":"2026-01-27T11:08:07","slug":"avicultores-bloquean-el-ingreso-de-pollo-cochabambino-a-sucre","status":"publish","type":"post","link":"https:\/\/jms.com.bo\/mediamonitor\/2026\/01\/27\/avicultores-bloquean-el-ingreso-de-pollo-cochabambino-a-sucre\/","title":{"rendered":"Avicultores bloquean el ingreso de pollo cochabambino a Sucre"},"content":{"rendered":"<p style=\"text-align: justify\">La noche del pasado domingo, avicultores de la zona de El Valle, en Chuquisaca, impidieron nuevamente el ingreso de un furg\u00f3n que transportaba pollo proveniente de Cochabamba, generando preocupaci\u00f3n entre comerciantes del rubro por la restricci\u00f3n a la libre circulaci\u00f3n de productos.<\/p>\n<p style=\"text-align: justify\">De acuerdo con el testimonio de Juan Pablo Ib\u00e1\u00f1ez, comerciante mayorista con m\u00e1s de 15 a\u00f1os de experiencia, el hecho ocurri\u00f3 alrededor de las 23:00, en el tramo comprendido entre Puente Arce y la tranca del Senasag, sobre la ruta Cochabamba\u2013Sucre. El cargamento consist\u00eda en aproximadamente 6.000 kilos de carne de pollo.<\/p>\n<p style=\"text-align: justify\">\u201cEstaba trayendo 6.000 kilos. Tengo todo en orden desde registro en Senasag, facturas, registro ambiental. Tengo todo en orden y formal\u201d, afirm\u00f3 Ib\u00e1\u00f1ez, quien lament\u00f3 que, ante la presi\u00f3n ejercida por los avicultores, el chofer se viera obligado a retornar con la mercader\u00eda a Cochabamba.<\/p>\n<p style=\"text-align: justify\">El comerciante se\u00f1al\u00f3 adem\u00e1s que no fue posible registrar fotograf\u00edas ni videos del incidente, debido a que las personas que bloqueaban el paso se mostraron agresivas. Record\u00f3 que en el pasado tuvo un inconveniente similar con productores locales, aunque aclar\u00f3 que \u201cen esta coyuntura actual es la primera vez\u201d que enfrenta una situaci\u00f3n de este tipo.<\/p>\n","protected":false},"excerpt":{"rendered":"<p>La noche del pasado domingo, avicultores de la zona de El Valle, en Chuquisaca, impidieron nuevamente el ingreso de un furg\u00f3n que transportaba pollo proveniente de Cochabamba, generando preocupaci\u00f3n entre comerciantes del rubro por la restricci\u00f3n a la libre circulaci\u00f3n de productos. De acuerdo con el testimonio de Juan Pablo Ib\u00e1\u00f1ez, comerciante mayorista con m\u00e1s [&hellip;]<\/p>\n","protected":false},"author":1,"featured_media":83844,"comment_status":"closed","ping_status":"open","sticky":false,"template":"","format":"standard","meta":{"footnotes":""},"categories":[57],"tags":[],"class_list":{"0":"post-83843","1":"post","2":"type-post","3":"status-publish","4":"format-standard","5":"has-post-thumbnail","7":"category-alimentos-y-agroindustria"},"_links":{"self":[{"href":"https:\/\/jms.com.bo\/mediamonitor\/wp-json\/wp\/v2\/posts\/83843","targetHints":{"allow":["GET"]}}],"collection":[{"href":"https:\/\/jms.com.bo\/mediamonitor\/wp-json\/wp\/v2\/posts"}],"about":[{"href":"https:\/\/jms.com.bo\/mediamonitor\/wp-json\/wp\/v2\/types\/post"}],"author":[{"embeddable":true,"href":"https:\/\/jms.com.bo\/mediamonitor\/wp-json\/wp\/v2\/users\/1"}],"replies":[{"embeddable":true,"href":"https:\/\/jms.com.bo\/mediamonitor\/wp-json\/wp\/v2\/comments?post=83843"}],"version-history":[{"count":0,"href":"https:\/\/jms.com.bo\/mediamonitor\/wp-json\/wp\/v2\/posts\/83843\/revisions"}],"wp:featuredmedia":[{"embeddable":true,"href":"https:\/\/jms.com.bo\/mediamonitor\/wp-json\/wp\/v2\/media\/83844"}],"wp:attachment":[{"href":"https:\/\/jms.com.bo\/mediamonitor\/wp-json\/wp\/v2\/media?parent=83843"}],"wp:term":[{"taxonomy":"category","embeddable":true,"href":"https:\/\/jms.com.bo\/mediamonitor\/wp-json\/wp\/v2\/categories?post=83843"},{"taxonomy":"post_tag","embeddable":true,"href":"https:\/\/jms.com.bo\/mediamonitor\/wp-json\/wp\/v2\/tags?post=83843"}],"curies":[{"name":"wp","href":"https:\/\/api.w.org\/{rel}","templated":true}]}}