{"id":83845,"date":"2026-01-27T07:10:49","date_gmt":"2026-01-27T11:10:49","guid":{"rendered":"https:\/\/mediamonitorbo.com.bo\/?p=17098"},"modified":"2026-01-27T07:10:49","modified_gmt":"2026-01-27T11:10:49","slug":"magisterio-anuncia-marcha-por-incremento-salarial","status":"publish","type":"post","link":"https:\/\/jms.com.bo\/mediamonitor\/2026\/01\/27\/magisterio-anuncia-marcha-por-incremento-salarial\/","title":{"rendered":"Magisterio anuncia marcha por incremento salarial"},"content":{"rendered":"<p style=\"text-align: justify\">La Federaci\u00f3n Departamental de Trabajadores de Educaci\u00f3n Urbana de La Paz (Fdteulp) anunci\u00f3 una nueva movilizaci\u00f3n para el mi\u00e9rcoles 28 de enero, en demanda de \u00abun verdadero incremento salarial\u00bb y fuentes de trabajo para los desocupados.<\/p>\n<p style=\"text-align: justify\">El ejecutivo del magisterio pace\u00f1o, Gerardo Bustamante, detall\u00f3 que la concentraci\u00f3n se realizar\u00e1 a partir de las 9:00 horas en la Casa Social del Maestro, con la participaci\u00f3n de maestros de La Paz, El Alto y las provincias del departamento.<\/p>\n<p style=\"text-align: justify\">\u201cEl objetivo central es luchar, exigir un verdadero incremento salarial para todos los sectores laborales, asalariados, un verdadero incremento que cubra la canasta familiar. La crisis econ\u00f3mica est\u00e1 golpeando no solo a los maestros, sino tambi\u00e9n demandamos para los desocupados fuentes de trabajo, porque lamentablemente hay mayor pobreza tanto de asalariados y no asalariados\u201d, manifest\u00f3.<\/p>\n<p style=\"text-align: justify\">El representante indic\u00f3 que el sector plantea un incremento de hasta 1.500 bolivianos, como referencia, argumentando que el actual nivel salarial es insuficiente, pues se registra un incremento sostenido del costo de productos de la canasta familiar.<\/p>\n<p style=\"text-align: justify\">Advirti\u00f3 que, ante la proximidad de las labores escolares, se advertir\u00e1 m\u00e1s la falta de econom\u00eda, ya que padres de familia no tienen los suficientes recursos para la adquisici\u00f3n de material escolar, zapatos, uniformes y otros. Ese hecho, acot\u00f3, incide para que haya deserci\u00f3n estudiantil y el retorno de estudiantes a sus comunidades con el fin de generar ingresos.<\/p>\n<p style=\"text-align: justify\">\u201cNo hay recursos, por eso es que no tenemos estudiantes, pr\u00e1cticamente los estudiantes han desaparecido, est\u00e1n volviendo a sus comunidades o han dejado de estudiar por el tema de la aguda crisis econ\u00f3mica\u201d, manifest\u00f3.<\/p>\n<p style=\"text-align: justify\">Bustamante convoc\u00f3 a otros sectores sociales y al magisterio rural para que se unan a la movilizaci\u00f3n, se\u00f1alando que la demanda no solo es salarial y para los educadores pace\u00f1os, sino tambi\u00e9n por fuentes de empleo para desocupados y por tener medidas estructurales que frenen el empobrecimiento.<\/p>\n<p style=\"text-align: justify\">\n","protected":false},"excerpt":{"rendered":"<p>La Federaci\u00f3n Departamental de Trabajadores de Educaci\u00f3n Urbana de La Paz (Fdteulp) anunci\u00f3 una nueva movilizaci\u00f3n para el mi\u00e9rcoles 28 de enero, en demanda de \u00abun verdadero incremento salarial\u00bb y fuentes de trabajo para los desocupados. El ejecutivo del magisterio pace\u00f1o, Gerardo Bustamante, detall\u00f3 que la concentraci\u00f3n se realizar\u00e1 a partir de las 9:00 horas [&hellip;]<\/p>\n","protected":false},"author":1,"featured_media":83846,"comment_status":"closed","ping_status":"open","sticky":false,"template":"","format":"standard","meta":{"footnotes":""},"categories":[49],"tags":[],"class_list":{"0":"post-83845","1":"post","2":"type-post","3":"status-publish","4":"format-standard","5":"has-post-thumbnail","7":"category-social"},"_links":{"self":[{"href":"https:\/\/jms.com.bo\/mediamonitor\/wp-json\/wp\/v2\/posts\/83845","targetHints":{"allow":["GET"]}}],"collection":[{"href":"https:\/\/jms.com.bo\/mediamonitor\/wp-json\/wp\/v2\/posts"}],"about":[{"href":"https:\/\/jms.com.bo\/mediamonitor\/wp-json\/wp\/v2\/types\/post"}],"author":[{"embeddable":true,"href":"https:\/\/jms.com.bo\/mediamonitor\/wp-json\/wp\/v2\/users\/1"}],"replies":[{"embeddable":true,"href":"https:\/\/jms.com.bo\/mediamonitor\/wp-json\/wp\/v2\/comments?post=83845"}],"version-history":[{"count":0,"href":"https:\/\/jms.com.bo\/mediamonitor\/wp-json\/wp\/v2\/posts\/83845\/revisions"}],"wp:featuredmedia":[{"embeddable":true,"href":"https:\/\/jms.com.bo\/mediamonitor\/wp-json\/wp\/v2\/media\/83846"}],"wp:attachment":[{"href":"https:\/\/jms.com.bo\/mediamonitor\/wp-json\/wp\/v2\/media?parent=83845"}],"wp:term":[{"taxonomy":"category","embeddable":true,"href":"https:\/\/jms.com.bo\/mediamonitor\/wp-json\/wp\/v2\/categories?post=83845"},{"taxonomy":"post_tag","embeddable":true,"href":"https:\/\/jms.com.bo\/mediamonitor\/wp-json\/wp\/v2\/tags?post=83845"}],"curies":[{"name":"wp","href":"https:\/\/api.w.org\/{rel}","templated":true}]}}