{"id":83847,"date":"2026-01-27T07:12:02","date_gmt":"2026-01-27T11:12:02","guid":{"rendered":"https:\/\/mediamonitorbo.com.bo\/?p=17101"},"modified":"2026-01-27T07:12:02","modified_gmt":"2026-01-27T11:12:02","slug":"comienza-la-tercera-semana-de-paro-en-salud-y-pacientes-con-cancer-lamentan-graves-perjuicios","status":"publish","type":"post","link":"https:\/\/jms.com.bo\/mediamonitor\/2026\/01\/27\/comienza-la-tercera-semana-de-paro-en-salud-y-pacientes-con-cancer-lamentan-graves-perjuicios\/","title":{"rendered":"Comienza la tercera semana de paro en salud y pacientes con c\u00e1ncer lamentan graves perjuicios"},"content":{"rendered":"<p style=\"text-align: justify\">Los trabajadores del sector salud de Santa Cruz iniciaron &#8211; desde este lunes- un nuevo paro de actividades por un lapso de cinco d\u00edas, como parte de sus medidas de protesta ante la falta de respuesta de las autoridades a sus demandas laborales y sociales.<\/p>\n<p style=\"text-align: justify\">Jorge Jim\u00e9nez, dirigente del sector, inform\u00f3 que la medida ya suma 19 d\u00edas de huelga de hambre, calificando la situaci\u00f3n como \u201cextrema y desesperante\u201d.<\/p>\n<p style=\"text-align: justify\">Seg\u00fan explic\u00f3, los trabajadores se encuentran actualmente sin el servicio del seguro social de salud, adem\u00e1s de que existen salarios adeudados tanto por la Gobernaci\u00f3n como por el municipio, lo que ha agravado la crisis econ\u00f3mica del personal sanitario.<\/p>\n<p style=\"text-align: justify\">Jim\u00e9nez se\u00f1al\u00f3 que el sector se mantiene a la espera de un pronunciamiento del alcalde Jhonny Fern\u00e1ndez ante la Defensor\u00eda del Pueblo y el Ministerio de Trabajo, a fin de que se otorguen garant\u00edas laborales y se brinde informaci\u00f3n veraz a la poblaci\u00f3n y a los propios trabajadores.<\/p>\n<p style=\"text-align: justify\">Durante el paro, indic\u00f3 que solo se estar\u00e1n atendiendo casos de emergencia, reforzando los planes de contingencia en los centros de salud y hospitales de primer, segundo y tercer nivel, as\u00ed como en las distintas provincias.<\/p>\n<p style=\"text-align: justify\">Finalmente, el dirigente pidi\u00f3 disculpas a la poblaci\u00f3n por las molestias ocasionadas, pero pidi\u00f3 empat\u00eda y respaldo a la lucha del sector. \u201cNuestra demanda busca mejores condiciones no solo para los trabajadores, sino tambi\u00e9n para los pacientes. Ojal\u00e1 las autoridades se conmuevan ante esta medida extrema\u201d, concluy\u00f3.<\/p>\n<p style=\"text-align: justify\">Pacientes con c\u00e1ncer, entre los m\u00e1s afectados por paros recurrentes<\/p>\n<p style=\"text-align: justify\">Lihetzer Zenteno, representante de los pacientes con c\u00e1ncer en el departamento de Santa Cruz, denunci\u00f3 p\u00fablicamente las graves dificultades que enfrentan las personas con enfermedades oncol\u00f3gicas durante los paros en el sistema de salud, una situaci\u00f3n que \u2014afirma\u2014 vulnera derechos fundamentales y pone en riesgo vidas humanas.<\/p>\n<p style=\"text-align: justify\">Zenteno record\u00f3 que este reclamo no es nuevo. \u201cYa hemos hecho conocer reiteradamente los problemas que atraviesan los pacientes con c\u00e1ncer cada vez que hay un paro. No se puede interrumpir tratamientos que son vitales\u201d, se\u00f1al\u00f3.<\/p>\n<p style=\"text-align: justify\">Ante la falta de respuestas, los representantes de los pacientes acudieron a la justicia, donde lograron una tutela a su favor. A ra\u00edz de ello, se implement\u00f3 un plan de contingencia, principalmente en el Hospital Oncol\u00f3gico. Sin embargo, su aplicaci\u00f3n no es plena. \u201cAlgunos pacientes est\u00e1n siendo atendidos en consulta, pero otros son reprogramados, lo que en c\u00e1ncer significa retrocesos graves en el tratamiento\u201d, explic\u00f3.<\/p>\n<p style=\"text-align: justify\">Zenteno denunci\u00f3 adem\u00e1s que no se est\u00e1 cumpliendo la normativa vigente y que incluso se present\u00f3 un proyecto de ley para evitar paros que afecten a pacientes con enfermedades cr\u00edticas. \u201cHemos presentado un proyecto de ley para que no haya paros en estos casos, pero hasta ahora no hay ninguna respuesta de las autoridades\u201d, lament\u00f3.<\/p>\n<p style=\"text-align: justify\">La situaci\u00f3n genera profunda angustia entre las familias. \u201cAnte esta realidad, pareciera que lo \u00fanico que nos queda es esperar el fallecimiento de nuestros familiares\u201d, expres\u00f3 Zenteno.<\/p>\n","protected":false},"excerpt":{"rendered":"<p>Los trabajadores del sector salud de Santa Cruz iniciaron &#8211; desde este lunes- un nuevo paro de actividades por un lapso de cinco d\u00edas, como parte de sus medidas de protesta ante la falta de respuesta de las autoridades a sus demandas laborales y sociales. Jorge Jim\u00e9nez, dirigente del sector, inform\u00f3 que la medida ya [&hellip;]<\/p>\n","protected":false},"author":1,"featured_media":83848,"comment_status":"closed","ping_status":"open","sticky":false,"template":"","format":"standard","meta":{"footnotes":""},"categories":[49],"tags":[],"class_list":{"0":"post-83847","1":"post","2":"type-post","3":"status-publish","4":"format-standard","5":"has-post-thumbnail","7":"category-social"},"_links":{"self":[{"href":"https:\/\/jms.com.bo\/mediamonitor\/wp-json\/wp\/v2\/posts\/83847","targetHints":{"allow":["GET"]}}],"collection":[{"href":"https:\/\/jms.com.bo\/mediamonitor\/wp-json\/wp\/v2\/posts"}],"about":[{"href":"https:\/\/jms.com.bo\/mediamonitor\/wp-json\/wp\/v2\/types\/post"}],"author":[{"embeddable":true,"href":"https:\/\/jms.com.bo\/mediamonitor\/wp-json\/wp\/v2\/users\/1"}],"replies":[{"embeddable":true,"href":"https:\/\/jms.com.bo\/mediamonitor\/wp-json\/wp\/v2\/comments?post=83847"}],"version-history":[{"count":0,"href":"https:\/\/jms.com.bo\/mediamonitor\/wp-json\/wp\/v2\/posts\/83847\/revisions"}],"wp:featuredmedia":[{"embeddable":true,"href":"https:\/\/jms.com.bo\/mediamonitor\/wp-json\/wp\/v2\/media\/83848"}],"wp:attachment":[{"href":"https:\/\/jms.com.bo\/mediamonitor\/wp-json\/wp\/v2\/media?parent=83847"}],"wp:term":[{"taxonomy":"category","embeddable":true,"href":"https:\/\/jms.com.bo\/mediamonitor\/wp-json\/wp\/v2\/categories?post=83847"},{"taxonomy":"post_tag","embeddable":true,"href":"https:\/\/jms.com.bo\/mediamonitor\/wp-json\/wp\/v2\/tags?post=83847"}],"curies":[{"name":"wp","href":"https:\/\/api.w.org\/{rel}","templated":true}]}}