{"id":83849,"date":"2026-01-27T07:13:30","date_gmt":"2026-01-27T11:13:30","guid":{"rendered":"https:\/\/mediamonitorbo.com.bo\/?p=17104"},"modified":"2026-01-27T07:13:30","modified_gmt":"2026-01-27T11:13:30","slug":"rodrigo-paz-abrira-el-foro-de-caf-en-panama-con-siete-jefes-de-estado","status":"publish","type":"post","link":"https:\/\/jms.com.bo\/mediamonitor\/2026\/01\/27\/rodrigo-paz-abrira-el-foro-de-caf-en-panama-con-siete-jefes-de-estado\/","title":{"rendered":"Rodrigo Paz abrir\u00e1 el foro de CAF en Panam\u00e1 con siete jefes de Estado"},"content":{"rendered":"<p style=\"text-align: justify\">El presidente Rodrigo Paz inaugurar\u00e1 el Foro Econ\u00f3mico Internacional Am\u00e9rica Latina y el Caribe 2026 en Panam\u00e1, en el contexto de una sesi\u00f3n de alto nivel que reunir\u00e1 a siete jefes de Estado y a dos Premios Nobel de Econom\u00eda, seg\u00fan confirmaron a EL DEBER voceros de CAF \u2013 banco de desarrollo de Am\u00e9rica Latina y el Caribe<\/p>\n<p style=\"text-align: justify\">La participaci\u00f3n del mandatario boliviano, en la apertura del foro, lo coloca en el centro de un c\u00f3nclave que busca redefinir el posicionamiento de la regi\u00f3n en un escenario global marcado por la incertidumbre econ\u00f3mica, los cambios geopol\u00edticos y la presi\u00f3n por acelerar reformas que impulsen crecimiento con inclusi\u00f3n.<\/p>\n<p style=\"text-align: justify\">El acto inaugural, previsto para el mi\u00e9rcoles, comenzar\u00e1 con la bienvenida de Sergio D\u00edaz-Granados, presidente de CAF, junto a los presidentes de Bolivia, Panam\u00e1, Brasil, Colombia, Ecuador y Guatemala, adem\u00e1s del primer ministro de Jamaica y el presidente electo de Chile.<\/p>\n<p style=\"text-align: justify\">El foro, que se desarrollar\u00e1 el 28 y 29 de enero, congregar\u00e1 a m\u00e1s de 2.500 l\u00edderes pol\u00edticos, empresariales y acad\u00e9micos de Am\u00e9rica Latina, el Caribe y otras regiones del mundo.<\/p>\n<p style=\"text-align: justify\">De acuerdo con la organizaci\u00f3n, la cita se perfila como el principal espacio pol\u00edtico-econ\u00f3mico regional del a\u00f1o, con debates enfocados en competitividad, inversi\u00f3n, transici\u00f3n productiva, cohesi\u00f3n social y gobernanza democr\u00e1tica.<\/p>\n<p style=\"text-align: justify\">Uno de los ejes destacados ser\u00e1 la presencia de los Premios Nobel de Econom\u00eda 2024 y 2025, James Robinson y Philippe Aghion, cuyas ponencias alimentar\u00e1n la discusi\u00f3n sobre desarrollo institucional, innovaci\u00f3n y crecimiento sostenible, temas sensibles para econom\u00edas emergentes como las latinoamericanas.<\/p>\n<p style=\"text-align: justify\">Desde la organizaci\u00f3n remarcan que la sesi\u00f3n inaugural, que podr\u00e1 seguirse en vivo a trav\u00e9s de la plataforma oficial de CAF, tendr\u00e1 un fuerte contenido pol\u00edtico: \u201cLa apertura con siete jefes de Estado refleja la urgencia de repensar la agenda regional y enviar se\u00f1ales claras de estabilidad y cooperaci\u00f3n al mundo\u201d, se\u00f1alaron voceros del organismo.<\/p>\n<p style=\"text-align: justify\">Para Bolivia, la presencia de Rodrigo Paz en la apertura del foro supone una vitrina internacional clave en momentos en que el pa\u00eds busca reposicionarse ante inversionistas y organismos multilaterales, tras un cambio de ciclo pol\u00edtico y econ\u00f3mico.<\/p>\n<p style=\"text-align: justify\">En los pasillos del foro, la expectativa est\u00e1 puesta en los mensajes que emitan los mandatarios sobre integraci\u00f3n regional, reglas claras y el rol del Estado en la reactivaci\u00f3n econ\u00f3mica.<\/p>\n<p style=\"text-align: justify\">El grupo EL DEBER es medio aliado de este foro. Un equipo period\u00edstico liderado por Sissi \u00c1\u00f1ez lleg\u00f3 est\u00e1 misma madrugada a la sede del evento internacional para cubrir el evento y recuperar las percepciones de este evento de la voz de los protagonistas.<\/p>\n","protected":false},"excerpt":{"rendered":"<p>El presidente Rodrigo Paz inaugurar\u00e1 el Foro Econ\u00f3mico Internacional Am\u00e9rica Latina y el Caribe 2026 en Panam\u00e1, en el contexto de una sesi\u00f3n de alto nivel que reunir\u00e1 a siete jefes de Estado y a dos Premios Nobel de Econom\u00eda, seg\u00fan confirmaron a EL DEBER voceros de CAF \u2013 banco de desarrollo de Am\u00e9rica Latina [&hellip;]<\/p>\n","protected":false},"author":1,"featured_media":83850,"comment_status":"closed","ping_status":"open","sticky":false,"template":"","format":"standard","meta":{"footnotes":""},"categories":[20],"tags":[],"class_list":{"0":"post-83849","1":"post","2":"type-post","3":"status-publish","4":"format-standard","5":"has-post-thumbnail","7":"category-actualidad"},"_links":{"self":[{"href":"https:\/\/jms.com.bo\/mediamonitor\/wp-json\/wp\/v2\/posts\/83849","targetHints":{"allow":["GET"]}}],"collection":[{"href":"https:\/\/jms.com.bo\/mediamonitor\/wp-json\/wp\/v2\/posts"}],"about":[{"href":"https:\/\/jms.com.bo\/mediamonitor\/wp-json\/wp\/v2\/types\/post"}],"author":[{"embeddable":true,"href":"https:\/\/jms.com.bo\/mediamonitor\/wp-json\/wp\/v2\/users\/1"}],"replies":[{"embeddable":true,"href":"https:\/\/jms.com.bo\/mediamonitor\/wp-json\/wp\/v2\/comments?post=83849"}],"version-history":[{"count":0,"href":"https:\/\/jms.com.bo\/mediamonitor\/wp-json\/wp\/v2\/posts\/83849\/revisions"}],"wp:featuredmedia":[{"embeddable":true,"href":"https:\/\/jms.com.bo\/mediamonitor\/wp-json\/wp\/v2\/media\/83850"}],"wp:attachment":[{"href":"https:\/\/jms.com.bo\/mediamonitor\/wp-json\/wp\/v2\/media?parent=83849"}],"wp:term":[{"taxonomy":"category","embeddable":true,"href":"https:\/\/jms.com.bo\/mediamonitor\/wp-json\/wp\/v2\/categories?post=83849"},{"taxonomy":"post_tag","embeddable":true,"href":"https:\/\/jms.com.bo\/mediamonitor\/wp-json\/wp\/v2\/tags?post=83849"}],"curies":[{"name":"wp","href":"https:\/\/api.w.org\/{rel}","templated":true}]}}