{"id":83861,"date":"2026-01-27T07:23:17","date_gmt":"2026-01-27T11:23:17","guid":{"rendered":"https:\/\/mediamonitorbo.com.bo\/?p=17122"},"modified":"2026-01-27T07:23:17","modified_gmt":"2026-01-27T11:23:17","slug":"lupo-dice-que-los-creditos-deben-ser-aprobados-por-el-legislativo","status":"publish","type":"post","link":"https:\/\/jms.com.bo\/mediamonitor\/2026\/01\/27\/lupo-dice-que-los-creditos-deben-ser-aprobados-por-el-legislativo\/","title":{"rendered":"Lupo dice que los cr\u00e9ditos deben ser aprobados por el Legislativo"},"content":{"rendered":"<p style=\"text-align: justify\">El ministro de la Presidencia, Jos\u00e9 Luis Lupo, asegur\u00f3 este lunes que todos los cr\u00e9ditos gestionados por el Gobierno deber\u00e1n ser aprobados por la Asamblea Legislativa como establece la norma.<\/p>\n<p style=\"text-align: justify\">\u201cTodos los cr\u00e9ditos deben ser aprobados por la Asamblea y se van a remitir a la Asamblea Legislativa Plurinacional como corresponde\u201d, dijo Lupo en conferencia de prensa durante la presentaci\u00f3n del \u201cCentro de Gobierno\u201d.<\/p>\n<p style=\"text-align: justify\">A la fecha, el Gobierno de Rodrigo Paz gestion\u00f3 un paquete de unos $us 7.600 millones para la reactivaci\u00f3n econ\u00f3mica del pa\u00eds.<\/p>\n<p style=\"text-align: justify\">Respecto al cr\u00e9dito de $us 4.500 millones del Banco Interamericano de Desarrollo (BID) para Bolivia, Lupo explic\u00f3 que se entregar\u00e1n mediante una programaci\u00f3n en un plazo de tres a\u00f1os, de acuerdo a los diferentes proyectos que se encaren en las regiones.<\/p>\n<p style=\"text-align: justify\">\u201cPero ciertamente va a seguir todo lo que debe en cuanto al ordenamiento institucional del pa\u00eds, donde se aprueba cada uno de los cr\u00e9ditos\u201d, remarc\u00f3.<\/p>\n<p style=\"text-align: justify\">Adem\u00e1s, el Gobierno logr\u00f3 un cr\u00e9dito de $us 3.100 millones del Banco de Desarrollo de Am\u00e9rica Latina y el Caribe (CAF) para el periodo 2025 \u2013 2030.<\/p>\n","protected":false},"excerpt":{"rendered":"<p>El ministro de la Presidencia, Jos\u00e9 Luis Lupo, asegur\u00f3 este lunes que todos los cr\u00e9ditos gestionados por el Gobierno deber\u00e1n ser aprobados por la Asamblea Legislativa como establece la norma. \u201cTodos los cr\u00e9ditos deben ser aprobados por la Asamblea y se van a remitir a la Asamblea Legislativa Plurinacional como corresponde\u201d, dijo Lupo en conferencia [&hellip;]<\/p>\n","protected":false},"author":1,"featured_media":83862,"comment_status":"closed","ping_status":"open","sticky":false,"template":"","format":"standard","meta":{"footnotes":""},"categories":[25],"tags":[],"class_list":{"0":"post-83861","1":"post","2":"type-post","3":"status-publish","4":"format-standard","5":"has-post-thumbnail","7":"category-economia"},"_links":{"self":[{"href":"https:\/\/jms.com.bo\/mediamonitor\/wp-json\/wp\/v2\/posts\/83861","targetHints":{"allow":["GET"]}}],"collection":[{"href":"https:\/\/jms.com.bo\/mediamonitor\/wp-json\/wp\/v2\/posts"}],"about":[{"href":"https:\/\/jms.com.bo\/mediamonitor\/wp-json\/wp\/v2\/types\/post"}],"author":[{"embeddable":true,"href":"https:\/\/jms.com.bo\/mediamonitor\/wp-json\/wp\/v2\/users\/1"}],"replies":[{"embeddable":true,"href":"https:\/\/jms.com.bo\/mediamonitor\/wp-json\/wp\/v2\/comments?post=83861"}],"version-history":[{"count":0,"href":"https:\/\/jms.com.bo\/mediamonitor\/wp-json\/wp\/v2\/posts\/83861\/revisions"}],"wp:featuredmedia":[{"embeddable":true,"href":"https:\/\/jms.com.bo\/mediamonitor\/wp-json\/wp\/v2\/media\/83862"}],"wp:attachment":[{"href":"https:\/\/jms.com.bo\/mediamonitor\/wp-json\/wp\/v2\/media?parent=83861"}],"wp:term":[{"taxonomy":"category","embeddable":true,"href":"https:\/\/jms.com.bo\/mediamonitor\/wp-json\/wp\/v2\/categories?post=83861"},{"taxonomy":"post_tag","embeddable":true,"href":"https:\/\/jms.com.bo\/mediamonitor\/wp-json\/wp\/v2\/tags?post=83861"}],"curies":[{"name":"wp","href":"https:\/\/api.w.org\/{rel}","templated":true}]}}