{"id":83877,"date":"2026-01-27T07:44:50","date_gmt":"2026-01-27T11:44:50","guid":{"rendered":"https:\/\/mediamonitorbo.com.bo\/?p=17146"},"modified":"2026-01-27T07:44:50","modified_gmt":"2026-01-27T11:44:50","slug":"bolivia-y-brasil-acuerdan-reuniones-trimestrales-y-priorizan-nueva-agenda-energetica","status":"publish","type":"post","link":"https:\/\/jms.com.bo\/mediamonitor\/2026\/01\/27\/bolivia-y-brasil-acuerdan-reuniones-trimestrales-y-priorizan-nueva-agenda-energetica\/","title":{"rendered":"Bolivia y Brasil acuerdan reuniones trimestrales y priorizan nueva agenda energ\u00e9tica"},"content":{"rendered":"<p style=\"text-align: justify\">Bolivia y Brasil acordaron este lunes establecer un mecanismo permanente de di\u00e1logo con reuniones trimestrales entre sus canciller\u00edas y priorizar una nueva agenda de cooperaci\u00f3n energ\u00e9tica, especialmente en el \u00e1rea de gas, tras un encuentro entre el canciller brasile\u00f1o Mauro Vieira y el ministro de Relaciones Exteriores de Bolivia, Fernando Aramayo.<\/p>\n<p style=\"text-align: justify\">\u00abEstamos planificando reunirnos cuatro veces al a\u00f1o para llevar una agenda muy s\u00f3lida, muy efectiva y muy productiva\u00bb, inform\u00f3 Vieira, tras la reuni\u00f3n realizada en la ciudad de El Alto. Uno de los principales resultados del di\u00e1logo fue incorporar el tema del gas como un eje central de la relaci\u00f3n bilateral, que ser\u00e1 abordado en el marco de una Comisi\u00f3n Binacional que comenzar\u00e1 a reunirse en los pr\u00f3ximos meses.<\/p>\n<p style=\"text-align: justify\">El canciller brasile\u00f1o destac\u00f3 que la relaci\u00f3n entre ambos pa\u00edses atraviesa un momento de relanzamiento debido a la amplitud de intereses comunes. Bolivia y Brasil comparten la frontera m\u00e1s extensa de Sudam\u00e9rica y mantienen una alta integraci\u00f3n econ\u00f3mica, social y cultural, lo que permitir\u00e1 avanzar en m\u00faltiples \u00e1reas de cooperaci\u00f3n.<\/p>\n<p style=\"text-align: justify\">Asimismo, Vieira adelant\u00f3 que los presidentes de Bolivia y Brasil sostendr\u00e1n un encuentro en Panam\u00e1 en los pr\u00f3ximos d\u00edas y que el presidente brasile\u00f1o, Luiz In\u00e1cio Lula da Silva, invit\u00f3 al mandatario boliviano a visitar Brasil durante el primer trimestre del a\u00f1o para profundizar los acuerdos alcanzados.<\/p>\n","protected":false},"excerpt":{"rendered":"<p>Bolivia y Brasil acordaron este lunes establecer un mecanismo permanente de di\u00e1logo con reuniones trimestrales entre sus canciller\u00edas y priorizar una nueva agenda de cooperaci\u00f3n energ\u00e9tica, especialmente en el \u00e1rea de gas, tras un encuentro entre el canciller brasile\u00f1o Mauro Vieira y el ministro de Relaciones Exteriores de Bolivia, Fernando Aramayo. \u00abEstamos planificando reunirnos cuatro [&hellip;]<\/p>\n","protected":false},"author":1,"featured_media":83878,"comment_status":"closed","ping_status":"open","sticky":false,"template":"","format":"standard","meta":{"footnotes":""},"categories":[40,23],"tags":[],"class_list":{"0":"post-83877","1":"post","2":"type-post","3":"status-publish","4":"format-standard","5":"has-post-thumbnail","7":"category-bolivia","8":"category-hidrocarburos"},"_links":{"self":[{"href":"https:\/\/jms.com.bo\/mediamonitor\/wp-json\/wp\/v2\/posts\/83877","targetHints":{"allow":["GET"]}}],"collection":[{"href":"https:\/\/jms.com.bo\/mediamonitor\/wp-json\/wp\/v2\/posts"}],"about":[{"href":"https:\/\/jms.com.bo\/mediamonitor\/wp-json\/wp\/v2\/types\/post"}],"author":[{"embeddable":true,"href":"https:\/\/jms.com.bo\/mediamonitor\/wp-json\/wp\/v2\/users\/1"}],"replies":[{"embeddable":true,"href":"https:\/\/jms.com.bo\/mediamonitor\/wp-json\/wp\/v2\/comments?post=83877"}],"version-history":[{"count":0,"href":"https:\/\/jms.com.bo\/mediamonitor\/wp-json\/wp\/v2\/posts\/83877\/revisions"}],"wp:featuredmedia":[{"embeddable":true,"href":"https:\/\/jms.com.bo\/mediamonitor\/wp-json\/wp\/v2\/media\/83878"}],"wp:attachment":[{"href":"https:\/\/jms.com.bo\/mediamonitor\/wp-json\/wp\/v2\/media?parent=83877"}],"wp:term":[{"taxonomy":"category","embeddable":true,"href":"https:\/\/jms.com.bo\/mediamonitor\/wp-json\/wp\/v2\/categories?post=83877"},{"taxonomy":"post_tag","embeddable":true,"href":"https:\/\/jms.com.bo\/mediamonitor\/wp-json\/wp\/v2\/tags?post=83877"}],"curies":[{"name":"wp","href":"https:\/\/api.w.org\/{rel}","templated":true}]}}