{"id":83882,"date":"2026-01-28T07:24:42","date_gmt":"2026-01-28T11:24:42","guid":{"rendered":"https:\/\/mediamonitorbo.com.bo\/?p=17153"},"modified":"2026-01-28T07:24:42","modified_gmt":"2026-01-28T11:24:42","slug":"comision-del-ministerio-de-salud-inspeccionara-los-hospitales-de-yacuiba","status":"publish","type":"post","link":"https:\/\/jms.com.bo\/mediamonitor\/2026\/01\/28\/comision-del-ministerio-de-salud-inspeccionara-los-hospitales-de-yacuiba\/","title":{"rendered":"Comisi\u00f3n del Ministerio de Salud inspeccionar\u00e1 los hospitales de Yacuiba"},"content":{"rendered":"<p style=\"text-align: justify\">Este jueves 29 de enero, una comisi\u00f3n del Ministerio de Salud llegar\u00e1 a la ciudad de Yacuiba para realizar una inspecci\u00f3n ocular a los hospitales Rub\u00e9n Zelaya y Fray Quebracho, de segundo y tercer nivel, ante los constantes reclamos sobre la deficiente atenci\u00f3n en ambos nosocomios, seg\u00fan inform\u00f3 el diputado Rudy Pantale\u00f3n a Portal Yacuiba Noticias.<\/p>\n<p style=\"text-align: justify\">La comisi\u00f3n estar\u00e1 conformada por dos viceministros y el jefe de gabinete, quienes evaluar\u00e1n la situaci\u00f3n real para implementar mejoras. Entre los principales problemas a revisar se encuentran la falta de personal en el hospital Rub\u00e9n Zelaya y la ausencia de habilitaci\u00f3n para atenci\u00f3n las 24 horas en el hospital Fray Quebracho, responsabilidad del Servicio Departamental de Salud (Sedes) Tarija, aunque esta entidad ya indic\u00f3 que el nosocomio puede atender m\u00e1s horas sin necesidad de esa autorizaci\u00f3n.<\/p>\n<p style=\"text-align: justify\">Pantale\u00f3n se\u00f1al\u00f3 que se hizo gesti\u00f3n ante el Ministerio de Salud debido a los reiterados reclamos de la poblaci\u00f3n. Asimismo, convoc\u00f3 a la Federaci\u00f3n de Juntas Vecinales, Comit\u00e9 C\u00edvico y otros actores del sector salud para que expongan las falencias y necesidades existentes.<\/p>\n<p style=\"text-align: justify\">Actualmente, en el hospital Rub\u00e9n Zelaya las atenciones de consulta externa e internaci\u00f3n son deficientes, y las cirug\u00edas deben programarse por falta de personal. Mientras que el hospital Fray Quebracho funciona solo 12 horas al d\u00eda por no contar con la habilitaci\u00f3n de atenci\u00f3n continua.<\/p>\n","protected":false},"excerpt":{"rendered":"<p>Este jueves 29 de enero, una comisi\u00f3n del Ministerio de Salud llegar\u00e1 a la ciudad de Yacuiba para realizar una inspecci\u00f3n ocular a los hospitales Rub\u00e9n Zelaya y Fray Quebracho, de segundo y tercer nivel, ante los constantes reclamos sobre la deficiente atenci\u00f3n en ambos nosocomios, seg\u00fan inform\u00f3 el diputado Rudy Pantale\u00f3n a Portal Yacuiba [&hellip;]<\/p>\n","protected":false},"author":1,"featured_media":83883,"comment_status":"closed","ping_status":"open","sticky":false,"template":"","format":"standard","meta":{"footnotes":""},"categories":[53],"tags":[],"class_list":{"0":"post-83882","1":"post","2":"type-post","3":"status-publish","4":"format-standard","5":"has-post-thumbnail","7":"category-salud"},"_links":{"self":[{"href":"https:\/\/jms.com.bo\/mediamonitor\/wp-json\/wp\/v2\/posts\/83882","targetHints":{"allow":["GET"]}}],"collection":[{"href":"https:\/\/jms.com.bo\/mediamonitor\/wp-json\/wp\/v2\/posts"}],"about":[{"href":"https:\/\/jms.com.bo\/mediamonitor\/wp-json\/wp\/v2\/types\/post"}],"author":[{"embeddable":true,"href":"https:\/\/jms.com.bo\/mediamonitor\/wp-json\/wp\/v2\/users\/1"}],"replies":[{"embeddable":true,"href":"https:\/\/jms.com.bo\/mediamonitor\/wp-json\/wp\/v2\/comments?post=83882"}],"version-history":[{"count":0,"href":"https:\/\/jms.com.bo\/mediamonitor\/wp-json\/wp\/v2\/posts\/83882\/revisions"}],"wp:featuredmedia":[{"embeddable":true,"href":"https:\/\/jms.com.bo\/mediamonitor\/wp-json\/wp\/v2\/media\/83883"}],"wp:attachment":[{"href":"https:\/\/jms.com.bo\/mediamonitor\/wp-json\/wp\/v2\/media?parent=83882"}],"wp:term":[{"taxonomy":"category","embeddable":true,"href":"https:\/\/jms.com.bo\/mediamonitor\/wp-json\/wp\/v2\/categories?post=83882"},{"taxonomy":"post_tag","embeddable":true,"href":"https:\/\/jms.com.bo\/mediamonitor\/wp-json\/wp\/v2\/tags?post=83882"}],"curies":[{"name":"wp","href":"https:\/\/api.w.org\/{rel}","templated":true}]}}