{"id":83896,"date":"2026-01-28T07:42:42","date_gmt":"2026-01-28T11:42:42","guid":{"rendered":"https:\/\/mediamonitorbo.com.bo\/?p=17174"},"modified":"2026-01-28T07:42:42","modified_gmt":"2026-01-28T11:42:42","slug":"boa-asegura-que-sus-tarifas-se-mantendran-por-debajo-del-tope-maximo-pese-al-incremento-del-jet-fuel","status":"publish","type":"post","link":"https:\/\/jms.com.bo\/mediamonitor\/2026\/01\/28\/boa-asegura-que-sus-tarifas-se-mantendran-por-debajo-del-tope-maximo-pese-al-incremento-del-jet-fuel\/","title":{"rendered":"BoA asegura que sus tarifas se mantendr\u00e1n por debajo del tope m\u00e1ximo, pese al incremento del jet fuel"},"content":{"rendered":"<p style=\"text-align: justify\">El gerente general de Boliviana de Aviaci\u00f3n (BoA), Juan Jos\u00e9 Galvarro, inform\u00f3 este martes que la aerol\u00ednea mantiene una estructura de tarifas m\u00ednimas que var\u00edan seg\u00fan la ruta y la anticipaci\u00f3n con la que el usuario realice la compra. Seg\u00fan el ejecutivo, estos precios se sit\u00faan actualmente por debajo de las tarifas m\u00e1ximas de referencia autorizadas por la Autoridad de Regulaci\u00f3n y Fiscalizaci\u00f3n de Telecomunicaciones y Transportes (ATT).<\/p>\n<p style=\"text-align: justify\">Seg\u00fan un bolet\u00edn difundido por el Ministerio de Obras P\u00fablicas, este marco tarifario cobra relevancia tras el dr\u00e1stico incremento en el costo del jet fuel. Seg\u00fan lo estipulado en el Decreto Supremo N\u00b05516, vigente desde el 13 de enero de 2026, el precio del combustible a\u00e9reo salt\u00f3 de Bs 2,77 a Bs 10,74 por litro, lo que representa un ajuste significativo en la estructura de costos de operaci\u00f3n en el pa\u00eds.<\/p>\n<p style=\"text-align: justify\">Desde la administraci\u00f3n actual, se justific\u00f3 este incremento como una medida necesaria para intentar estabilizar la econom\u00eda nacional. Seg\u00fan la versi\u00f3n oficial, el ajuste responde a una situaci\u00f3n cr\u00edtica heredada de la gesti\u00f3n anterior del MAS, que habr\u00eda comprometido las finanzas p\u00fablicas.<\/p>\n<p style=\"text-align: justify\">Pese al encarecimiento de los insumos, Galvarro intent\u00f3 dar certidumbre al mercado: \u201cDepende de la ruta, pero estamos estimando que la tarifa media est\u00e9 siempre por debajo de un 40% de las Tarifas M\u00e1ximas de Referencia\u201d, se\u00f1al\u00f3, aclarando que los precios son sensibles a la estacionalidad.<\/p>\n<p style=\"text-align: justify\">En contacto con FM La Paz, el gerente profundiz\u00f3 en la din\u00e1mica comercial de la estatal. \u201cHay \u00e9pocas en las que la demanda es muy alta y el tema tarifario se va ajustando de acuerdo a la demanda, pero s\u00ed puede encontrarse hasta 70% menos en la tarifa dependiendo la \u00e9poca\u201d, asegur\u00f3.<\/p>\n<p style=\"text-align: justify\">Operatividad y puntualidad<br \/>\nOtro punto cr\u00edtico abordado por Galvarro fue la eficiencia del servicio, blanco constante de cr\u00edticas por parte de los usuarios. El ejecutivo indic\u00f3 que la empresa trabaja para consolidar mejores \u00edndices de cumplimiento de horarios. Detall\u00f3 que actualmente la puntualidad llega a un 85%, lo que compar\u00f3 con el desempe\u00f1o previo: \u201cversus un 50% que hab\u00edamos tenido en el mes de diciembre\u201d.<\/p>\n<p style=\"text-align: justify\">Para el gerente, esta mejora es \u201cobviamente eso (es) resultado de ajustes, de un itinerario mucho m\u00e1s eficiente y confiable\u201d, concluy\u00f3, en un esfuerzo por mejorar la imagen de la aerol\u00ednea bandera en un contexto de transici\u00f3n econ\u00f3mica.<\/p>\n","protected":false},"excerpt":{"rendered":"<p>El gerente general de Boliviana de Aviaci\u00f3n (BoA), Juan Jos\u00e9 Galvarro, inform\u00f3 este martes que la aerol\u00ednea mantiene una estructura de tarifas m\u00ednimas que var\u00edan seg\u00fan la ruta y la anticipaci\u00f3n con la que el usuario realice la compra. Seg\u00fan el ejecutivo, estos precios se sit\u00faan actualmente por debajo de las tarifas m\u00e1ximas de referencia [&hellip;]<\/p>\n","protected":false},"author":1,"featured_media":83897,"comment_status":"closed","ping_status":"open","sticky":false,"template":"","format":"standard","meta":{"footnotes":""},"categories":[20],"tags":[],"class_list":{"0":"post-83896","1":"post","2":"type-post","3":"status-publish","4":"format-standard","5":"has-post-thumbnail","7":"category-actualidad"},"_links":{"self":[{"href":"https:\/\/jms.com.bo\/mediamonitor\/wp-json\/wp\/v2\/posts\/83896","targetHints":{"allow":["GET"]}}],"collection":[{"href":"https:\/\/jms.com.bo\/mediamonitor\/wp-json\/wp\/v2\/posts"}],"about":[{"href":"https:\/\/jms.com.bo\/mediamonitor\/wp-json\/wp\/v2\/types\/post"}],"author":[{"embeddable":true,"href":"https:\/\/jms.com.bo\/mediamonitor\/wp-json\/wp\/v2\/users\/1"}],"replies":[{"embeddable":true,"href":"https:\/\/jms.com.bo\/mediamonitor\/wp-json\/wp\/v2\/comments?post=83896"}],"version-history":[{"count":0,"href":"https:\/\/jms.com.bo\/mediamonitor\/wp-json\/wp\/v2\/posts\/83896\/revisions"}],"wp:featuredmedia":[{"embeddable":true,"href":"https:\/\/jms.com.bo\/mediamonitor\/wp-json\/wp\/v2\/media\/83897"}],"wp:attachment":[{"href":"https:\/\/jms.com.bo\/mediamonitor\/wp-json\/wp\/v2\/media?parent=83896"}],"wp:term":[{"taxonomy":"category","embeddable":true,"href":"https:\/\/jms.com.bo\/mediamonitor\/wp-json\/wp\/v2\/categories?post=83896"},{"taxonomy":"post_tag","embeddable":true,"href":"https:\/\/jms.com.bo\/mediamonitor\/wp-json\/wp\/v2\/tags?post=83896"}],"curies":[{"name":"wp","href":"https:\/\/api.w.org\/{rel}","templated":true}]}}