{"id":83898,"date":"2026-01-28T07:44:11","date_gmt":"2026-01-28T11:44:11","guid":{"rendered":"https:\/\/mediamonitorbo.com.bo\/?p=17177"},"modified":"2026-01-28T07:44:11","modified_gmt":"2026-01-28T11:44:11","slug":"lara-impulsa-leyes-sobre-canasta-familiar-para-discapacitados-y-eliminacion-de-inspeccion-tecnica-vehicular","status":"publish","type":"post","link":"https:\/\/jms.com.bo\/mediamonitor\/2026\/01\/28\/lara-impulsa-leyes-sobre-canasta-familiar-para-discapacitados-y-eliminacion-de-inspeccion-tecnica-vehicular\/","title":{"rendered":"Lara impulsa leyes sobre canasta familiar para discapacitados y eliminaci\u00f3n de inspecci\u00f3n t\u00e9cnica vehicular"},"content":{"rendered":"<p style=\"text-align: justify\">El vicepresidente del Estado Plurinacional de Bolivia, Edmand Lara, anunci\u00f3 la presentaci\u00f3n de cinco proyectos de ley orientados a la protecci\u00f3n de grupos vulnerables, la generaci\u00f3n de empleo juvenil, la reactivaci\u00f3n econ\u00f3mica mediante el turismo, el cumplimiento de una sentencia constitucional sobre objeci\u00f3n de conciencia y la eliminaci\u00f3n de la Inspecci\u00f3n T\u00e9cnica Vehicular, las propuestas ser\u00e1n presentadas ante la Asamblea Legislativa a trav\u00e9s de la diputada Veronica La Fuente.<\/p>\n<p style=\"text-align: justify\">En referencia a la poblaci\u00f3n con discapacidad, el mandatario explic\u00f3 que la iniciativa busca \u201cproteger y dar oportunidades a esos grupos vulnerables que ya se encuentran en desventaja\u201d. En ese marco, anunci\u00f3 el proyecto de ley de excepci\u00f3n de la canasta familiar, se\u00f1alando que se propone que cada mes a las personas con discapacidad se les entregue una canasta familiar para que pueda servir para su alimentaci\u00f3n, para su sustento diario.<\/p>\n<p style=\"text-align: justify\">Otro de los proyectos centrales apunta a la modificaci\u00f3n de la Ley de la Juventud, con el objetivo de ampliar el acceso al empleo. Seg\u00fan Lara, este proyecto de ley propone que los j\u00f3venes tengan acceso y oportunidades laborales, para que tanto empresas p\u00fablicas como empresas privadas los contraten \u201cy no vivan tocando puertas, tocando puertas al extremo porque ac\u00e1 no se los valora como profesionales\u201d, dijo.<\/p>\n<p style=\"text-align: justify\">En el \u00e1mbito econ\u00f3mico, el Vicepresidente anunci\u00f3 el proyecto de ley de fomento al turismo como una herramienta clave para el desarrollo nacional. \u201cSe pueden traer miles de millones de d\u00f3lares a Bolivia para mejorar la calidad de vida de los pueblos a trav\u00e9s del turismo\u201d, afirm\u00f3, subrayando que esta iniciativa apunta a generar ingresos sostenibles y empleo en distintas regiones del pa\u00eds.<\/p>\n<p style=\"text-align: justify\">Asimismo, la autoridad inform\u00f3 sobre la presentaci\u00f3n del proyecto de ley de objeci\u00f3n de conciencia, aclarando que responde a un mandato constitucional, \u201cen cumplimiento a una sentencia constitucional donde se ha exhortado a la Asamblea Legislativa Provincial tratar este tema\u201d, explic\u00f3.<\/p>\n<p style=\"text-align: justify\">Finalmente, el Vicepresidente anunci\u00f3 el proyecto para eliminar la Inspecci\u00f3n T\u00e9cnica Vehicular, compromiso asumido durante la campa\u00f1a electoral. \u201cEs corrupci\u00f3n latente en la Polic\u00eda Boliviana, pretexto para todo, para sacar plata\u2026 estamos cumpliendo nosotros nuestras promesas electorales presentando proyectos de ley. Ahora exhortamos nosotros a las comisiones de las C\u00e1maras de Diputados y a senadores que traten estos proyectos porque es en beneficio del pueblo boliviano\u201d, indic\u00f3.<\/p>\n","protected":false},"excerpt":{"rendered":"<p>El vicepresidente del Estado Plurinacional de Bolivia, Edmand Lara, anunci\u00f3 la presentaci\u00f3n de cinco proyectos de ley orientados a la protecci\u00f3n de grupos vulnerables, la generaci\u00f3n de empleo juvenil, la reactivaci\u00f3n econ\u00f3mica mediante el turismo, el cumplimiento de una sentencia constitucional sobre objeci\u00f3n de conciencia y la eliminaci\u00f3n de la Inspecci\u00f3n T\u00e9cnica Vehicular, las propuestas [&hellip;]<\/p>\n","protected":false},"author":1,"featured_media":83899,"comment_status":"closed","ping_status":"open","sticky":false,"template":"","format":"standard","meta":{"footnotes":""},"categories":[20,47,48],"tags":[],"class_list":{"0":"post-83898","1":"post","2":"type-post","3":"status-publish","4":"format-standard","5":"has-post-thumbnail","7":"category-actualidad","8":"category-portada-actualidad","9":"category-portada-general-sitio"},"_links":{"self":[{"href":"https:\/\/jms.com.bo\/mediamonitor\/wp-json\/wp\/v2\/posts\/83898","targetHints":{"allow":["GET"]}}],"collection":[{"href":"https:\/\/jms.com.bo\/mediamonitor\/wp-json\/wp\/v2\/posts"}],"about":[{"href":"https:\/\/jms.com.bo\/mediamonitor\/wp-json\/wp\/v2\/types\/post"}],"author":[{"embeddable":true,"href":"https:\/\/jms.com.bo\/mediamonitor\/wp-json\/wp\/v2\/users\/1"}],"replies":[{"embeddable":true,"href":"https:\/\/jms.com.bo\/mediamonitor\/wp-json\/wp\/v2\/comments?post=83898"}],"version-history":[{"count":0,"href":"https:\/\/jms.com.bo\/mediamonitor\/wp-json\/wp\/v2\/posts\/83898\/revisions"}],"wp:featuredmedia":[{"embeddable":true,"href":"https:\/\/jms.com.bo\/mediamonitor\/wp-json\/wp\/v2\/media\/83899"}],"wp:attachment":[{"href":"https:\/\/jms.com.bo\/mediamonitor\/wp-json\/wp\/v2\/media?parent=83898"}],"wp:term":[{"taxonomy":"category","embeddable":true,"href":"https:\/\/jms.com.bo\/mediamonitor\/wp-json\/wp\/v2\/categories?post=83898"},{"taxonomy":"post_tag","embeddable":true,"href":"https:\/\/jms.com.bo\/mediamonitor\/wp-json\/wp\/v2\/tags?post=83898"}],"curies":[{"name":"wp","href":"https:\/\/api.w.org\/{rel}","templated":true}]}}