{"id":839,"date":"2021-01-07T05:52:47","date_gmt":"2021-01-07T09:52:47","guid":{"rendered":"http:\/\/jms.com.bo\/mediamonitor\/?p=839"},"modified":"2021-01-07T05:52:47","modified_gmt":"2021-01-07T09:52:47","slug":"procuradoria-interviene-planta-de-urea-y-se-suma-al-proceso-contra-zamora","status":"publish","type":"post","link":"https:\/\/jms.com.bo\/mediamonitor\/2021\/01\/07\/procuradoria-interviene-planta-de-urea-y-se-suma-al-proceso-contra-zamora\/","title":{"rendered":"Procurador\u00eda \u00abinterviene\u00bb Planta de \u00darea y se suma al proceso contra Zamora"},"content":{"rendered":"<p style=\"text-align: justify;\">La Procurador\u00eda General del Estado (PGE) \u2018intervino\u2019 la Planta de \u00darea y Amoniano, de Bulo Bulo en Cochabamba adem\u00e1s se adhiri\u00f3 a la denuncia contra el exministro de Hidrocarburos, V\u00edctor Hugo Zamora, inform\u00f3 el responsable departamental de la PGE en Cochabamba, Ever Veizaga.<br \/>\n\u201cNo, estamos hablando de intervenci\u00f3n f\u00edsica de la planta, sino de un apersonamiento al proceso penal como Procurador\u00eda\u201d, explic\u00f3 a P\u00e1gina Siete.<br \/>\nM\u00e1s adelante indic\u00f3 que se sumaron al proceso penal, \u201cpara la investigaci\u00f3n al millonario al Estado, es por eso que nos hemos apersonado al proceso de investigaci\u00f3n\u201d, agreg\u00f3 la autoridad.<br \/>\nEn la inspecci\u00f3n realizada hace un par de semanas, se confirm\u00f3 que existen graves da\u00f1os en turbinas y algunos equipos electr\u00f3nicos de la Planta de \u00darea y Amoniaco, que paraliz\u00f3 operaciones durante el gobierno de Jeanine \u00c1\u00f1ez. Por ello se adelant\u00f3 que se se sumar\u00e1n al proceso penal en contra del exministro de Hidrocarburos, Zamora.<br \/>\nAquello, seg\u00fan el actual gobierno, habr\u00eda provocado cuantiosas p\u00e9rdidas econ\u00f3micas al pa\u00eds. Por el momento se tiene identificadas a nueve personas por conducta anti econ\u00f3mica y da\u00f1o econ\u00f3mico al Estado de aproximadamente $us 200 millones.<\/p>\n","protected":false},"excerpt":{"rendered":"<p>La Procurador\u00eda General del Estado (PGE) \u2018intervino\u2019 la Planta de \u00darea y Amoniano, de Bulo Bulo en Cochabamba adem\u00e1s se adhiri\u00f3 a la denuncia contra el exministro de Hidrocarburos, V\u00edctor Hugo Zamora, inform\u00f3 el responsable departamental de la PGE en Cochabamba, Ever Veizaga. \u201cNo, estamos hablando de intervenci\u00f3n f\u00edsica de la planta, sino de un [&hellip;]<\/p>\n","protected":false},"author":4,"featured_media":840,"comment_status":"open","ping_status":"open","sticky":false,"template":"","format":"standard","meta":{"footnotes":""},"categories":[40,23],"tags":[],"class_list":{"0":"post-839","1":"post","2":"type-post","3":"status-publish","4":"format-standard","5":"has-post-thumbnail","7":"category-bolivia","8":"category-hidrocarburos"},"_links":{"self":[{"href":"https:\/\/jms.com.bo\/mediamonitor\/wp-json\/wp\/v2\/posts\/839","targetHints":{"allow":["GET"]}}],"collection":[{"href":"https:\/\/jms.com.bo\/mediamonitor\/wp-json\/wp\/v2\/posts"}],"about":[{"href":"https:\/\/jms.com.bo\/mediamonitor\/wp-json\/wp\/v2\/types\/post"}],"author":[{"embeddable":true,"href":"https:\/\/jms.com.bo\/mediamonitor\/wp-json\/wp\/v2\/users\/4"}],"replies":[{"embeddable":true,"href":"https:\/\/jms.com.bo\/mediamonitor\/wp-json\/wp\/v2\/comments?post=839"}],"version-history":[{"count":2,"href":"https:\/\/jms.com.bo\/mediamonitor\/wp-json\/wp\/v2\/posts\/839\/revisions"}],"predecessor-version":[{"id":842,"href":"https:\/\/jms.com.bo\/mediamonitor\/wp-json\/wp\/v2\/posts\/839\/revisions\/842"}],"wp:featuredmedia":[{"embeddable":true,"href":"https:\/\/jms.com.bo\/mediamonitor\/wp-json\/wp\/v2\/media\/840"}],"wp:attachment":[{"href":"https:\/\/jms.com.bo\/mediamonitor\/wp-json\/wp\/v2\/media?parent=839"}],"wp:term":[{"taxonomy":"category","embeddable":true,"href":"https:\/\/jms.com.bo\/mediamonitor\/wp-json\/wp\/v2\/categories?post=839"},{"taxonomy":"post_tag","embeddable":true,"href":"https:\/\/jms.com.bo\/mediamonitor\/wp-json\/wp\/v2\/tags?post=839"}],"curies":[{"name":"wp","href":"https:\/\/api.w.org\/{rel}","templated":true}]}}