{"id":83900,"date":"2026-01-28T07:45:30","date_gmt":"2026-01-28T11:45:30","guid":{"rendered":"https:\/\/mediamonitorbo.com.bo\/?p=17180"},"modified":"2026-01-28T07:45:30","modified_gmt":"2026-01-28T11:45:30","slug":"presidente-paz-revela-que-manejaban-tiempo-atras-informacion-del-caso-maletas","status":"publish","type":"post","link":"https:\/\/jms.com.bo\/mediamonitor\/2026\/01\/28\/presidente-paz-revela-que-manejaban-tiempo-atras-informacion-del-caso-maletas\/","title":{"rendered":"Presidente Paz revela que manejaban tiempo atr\u00e1s informaci\u00f3n del caso &#8216;maletas\u2019"},"content":{"rendered":"<p style=\"text-align: justify\">El presidente Rodrigo Paz revel\u00f3 que el Gobierno manejaba informaci\u00f3n tiempo atr\u00e1s acerca del caso &#8216;narcomaletas\u2019, antes que estalle este hecho del que se tiene a un juez y un guardia de seguridad con detenci\u00f3n preventiva en la c\u00e1rcel de Palmasola.<\/p>\n<p style=\"text-align: justify\">La ma\u00f1ana de este martes, el mandatario afirm\u00f3 que a partir de la informaci\u00f3n que recolectaron es que han ido generando los pasos adecuados para entender una primera estructura de este caso, en el que tambi\u00e9n fue involucrada la exdiputada Laura Rojas. Eso s\u00ed, el jefe de Estado asegur\u00f3 que ser\u00e1 la justicia que tendr\u00e1 que demostrar con claridad sus procedimientos en la investigaci\u00f3n.<\/p>\n<p style=\"text-align: justify\">\u201cEsta informaci\u00f3n la manej\u00e1bamos tiempo atr\u00e1s, hemos ido generando los pasos adecuados para entender la primera estructura. Tendr\u00e1 que ser la investigaci\u00f3n y la justicia, y ah\u00ed la justicia tiene que demostrar con claridad sus procedimientos\u201d, revel\u00f3 Paz en una extensa entrevista con radio Panamericana.<\/p>\n<p style=\"text-align: justify\">Durante la entrevista, el mandatario manifest\u00f3 que se dar\u00e1 a conocer otros casos de corrupci\u00f3n vinculados a diferentes temas, ya que se est\u00e1n realizando las investigaciones paso a paso para dar con los coautores.<\/p>\n<p style=\"text-align: justify\">\u201cA nosotros no nos interesa hacer esc\u00e1ndalo, los que nos interesa es desmontar la corrupci\u00f3n a todos los niveles que hay en el estado tranca. Saltar\u00e1n muchos esc\u00e1ndalos que tocar\u00e1n a muchos nombres, muchas instancias\u201d, revel\u00f3 Paz.<\/p>\n<p style=\"text-align: justify\">Finalmente, insisti\u00f3 que Bolivia se tiene que acostumbrar a funcionar bajo buenos valores, con transparencia ante los esc\u00e1ndalos de corrupci\u00f3n que saldr\u00e1n a la luz.<\/p>\n<p style=\"text-align: justify\">Antecedentes<\/p>\n<p style=\"text-align: justify\">La clave para iniciar las investigaciones fue una alerta internacional emitida al gobierno de Bolivia, tras la salida de Estados Unidos de un avi\u00f3n privado contratado por la exdiputada Laura Rojas, que viaj\u00f3 hasta Santa Cruz de la Sierra junto a un extranjero, transportando 32 maletas con divisas.<\/p>\n<p style=\"text-align: justify\">Agentes de la Felcn y del Centro Especial de Investigaciones Policiales CEIP, allanaron el 20 de enero la Empresa Boliviana de Seguridad Ebose S.R.L. de la avenida Tres Pasos al Frente y octavo anillo. Tras una requisa encontraron un cargamento de casi 80 kilos de marihuana, documentaci\u00f3n personal del juez Hebert Zeballos, as\u00ed como facturas y otros documentos que relacionan a la exdiputada.<\/p>\n<p style=\"text-align: justify\">Tras revelarse este caso, Rojas neg\u00f3 que est\u00e9 involucrada en un tr\u00e1fico de sustancias controladas y afirm\u00f3 que demostrar\u00eda su inocencia ante la justicia. \u201cNo s\u00e9 de qui\u00e9n es el galp\u00f3n, no tengo nada que esconder\u201d, afirm\u00f3 la exdiputada antes que sea aprehendida.<\/p>\n","protected":false},"excerpt":{"rendered":"<p>El presidente Rodrigo Paz revel\u00f3 que el Gobierno manejaba informaci\u00f3n tiempo atr\u00e1s acerca del caso &#8216;narcomaletas\u2019, antes que estalle este hecho del que se tiene a un juez y un guardia de seguridad con detenci\u00f3n preventiva en la c\u00e1rcel de Palmasola. La ma\u00f1ana de este martes, el mandatario afirm\u00f3 que a partir de la informaci\u00f3n [&hellip;]<\/p>\n","protected":false},"author":1,"featured_media":83901,"comment_status":"closed","ping_status":"open","sticky":false,"template":"","format":"standard","meta":{"footnotes":""},"categories":[18],"tags":[],"class_list":{"0":"post-83900","1":"post","2":"type-post","3":"status-publish","4":"format-standard","5":"has-post-thumbnail","7":"category-politica"},"_links":{"self":[{"href":"https:\/\/jms.com.bo\/mediamonitor\/wp-json\/wp\/v2\/posts\/83900","targetHints":{"allow":["GET"]}}],"collection":[{"href":"https:\/\/jms.com.bo\/mediamonitor\/wp-json\/wp\/v2\/posts"}],"about":[{"href":"https:\/\/jms.com.bo\/mediamonitor\/wp-json\/wp\/v2\/types\/post"}],"author":[{"embeddable":true,"href":"https:\/\/jms.com.bo\/mediamonitor\/wp-json\/wp\/v2\/users\/1"}],"replies":[{"embeddable":true,"href":"https:\/\/jms.com.bo\/mediamonitor\/wp-json\/wp\/v2\/comments?post=83900"}],"version-history":[{"count":0,"href":"https:\/\/jms.com.bo\/mediamonitor\/wp-json\/wp\/v2\/posts\/83900\/revisions"}],"wp:featuredmedia":[{"embeddable":true,"href":"https:\/\/jms.com.bo\/mediamonitor\/wp-json\/wp\/v2\/media\/83901"}],"wp:attachment":[{"href":"https:\/\/jms.com.bo\/mediamonitor\/wp-json\/wp\/v2\/media?parent=83900"}],"wp:term":[{"taxonomy":"category","embeddable":true,"href":"https:\/\/jms.com.bo\/mediamonitor\/wp-json\/wp\/v2\/categories?post=83900"},{"taxonomy":"post_tag","embeddable":true,"href":"https:\/\/jms.com.bo\/mediamonitor\/wp-json\/wp\/v2\/tags?post=83900"}],"curies":[{"name":"wp","href":"https:\/\/api.w.org\/{rel}","templated":true}]}}