{"id":83902,"date":"2026-01-28T07:46:54","date_gmt":"2026-01-28T11:46:54","guid":{"rendered":"https:\/\/mediamonitorbo.com.bo\/?p=17183"},"modified":"2026-01-28T07:46:54","modified_gmt":"2026-01-28T11:46:54","slug":"elecciones-subnacionales-solo-el-3-de-los-candidatos-inhabilitados-han-sido-reemplazados","status":"publish","type":"post","link":"https:\/\/jms.com.bo\/mediamonitor\/2026\/01\/28\/elecciones-subnacionales-solo-el-3-de-los-candidatos-inhabilitados-han-sido-reemplazados\/","title":{"rendered":"Elecciones subnacionales: Solo el 3% de los candidatos inhabilitados han sido reemplazados"},"content":{"rendered":"<p style=\"text-align: justify\">De 26.000 candidatos a las elecciones subnacionales inhabilitados solo 782 han sido reemplazados y el presidente del Tribunal Supremo Electoral (TSE), Gustavo \u00c1vila les record\u00f3 a los partidos que tienen hasta el 5 de febrero para la sustituci\u00f3n de los nombres; advirti\u00f3 que los plazos son impostergables en el calendario electoral.<\/p>\n<p style=\"text-align: justify\">\u201cReportarles que hasta el d\u00eda de hoy (martes) tenemos 782 sustituciones, es un n\u00famero bajo, por eso yo aprovecho para recordar a las organizaciones pol\u00edticas que el compromiso de sustituir candidatos es hasta el 5 de febrero, esos candidatos que han sido inhabilitados por incumplimiento de requisitos\u201d, detall\u00f3 el presidente del ente electoral.<\/p>\n<p style=\"text-align: justify\">De acuerdo con el calendario electoral, el 22 de diciembre feneci\u00f3 el plazo de registro de candidatos a las elecciones subnacionales; el 9 de enero se produjo la publicaci\u00f3n de las candidaturas habilitadas y se conoci\u00f3 qui\u00e9nes eran los inhabilitados.<\/p>\n<p style=\"text-align: justify\">En ese entonces se inform\u00f3 que hubo 34.000 inscritos de los cuales 26.000 \u2013el 80%\u2013 quedaron inhabilitados, los partidos tienen para reemplazar a esas personas hasta el 5 de febrero pr\u00f3ximo. Hasta el momento el n\u00famero de reemplazos llega al 3%, de los 26.000.<\/p>\n<p style=\"text-align: justify\">Al margen de las inhabilitaciones est\u00e1n la eliminaci\u00f3n completa de las listas de dos partidos, UCS y ADN cuyas siglas fueron eliminadas en agosto del pasado a\u00f1o, luego de las elecciones generales y ambos partidos recurrieron al Tribunal Constitucional Plurinacional (TCP) para seguir en la arena pol\u00edtica, pero el ente constitucional ratific\u00f3 la decisi\u00f3n del TSE y ambos partidos no podr\u00e1n ser parte de este proceso. \u201cMa\u00f1ana vamos a tener la sala plena donde se va a emitir la resoluci\u00f3n con relaci\u00f3n al partido UCS, eso para cumplir una formalidad\u201d, precis\u00f3 \u00c1vila.<\/p>\n<p style=\"text-align: justify\">Hasta el momento, los dos partidos se negaron a aceptar la resoluci\u00f3n constitucional e incluso algunos mencionaron la posibilidad de acudir a tribunales internacionales con el objetivo de obligar al Estado a aceptar sus postulaciones, pese a que los procesos en esas instancias demoran a\u00f1os.<\/p>\n","protected":false},"excerpt":{"rendered":"<p>De 26.000 candidatos a las elecciones subnacionales inhabilitados solo 782 han sido reemplazados y el presidente del Tribunal Supremo Electoral (TSE), Gustavo \u00c1vila les record\u00f3 a los partidos que tienen hasta el 5 de febrero para la sustituci\u00f3n de los nombres; advirti\u00f3 que los plazos son impostergables en el calendario electoral. \u201cReportarles que hasta el [&hellip;]<\/p>\n","protected":false},"author":1,"featured_media":83903,"comment_status":"closed","ping_status":"open","sticky":false,"template":"","format":"standard","meta":{"footnotes":""},"categories":[18],"tags":[],"class_list":{"0":"post-83902","1":"post","2":"type-post","3":"status-publish","4":"format-standard","5":"has-post-thumbnail","7":"category-politica"},"_links":{"self":[{"href":"https:\/\/jms.com.bo\/mediamonitor\/wp-json\/wp\/v2\/posts\/83902","targetHints":{"allow":["GET"]}}],"collection":[{"href":"https:\/\/jms.com.bo\/mediamonitor\/wp-json\/wp\/v2\/posts"}],"about":[{"href":"https:\/\/jms.com.bo\/mediamonitor\/wp-json\/wp\/v2\/types\/post"}],"author":[{"embeddable":true,"href":"https:\/\/jms.com.bo\/mediamonitor\/wp-json\/wp\/v2\/users\/1"}],"replies":[{"embeddable":true,"href":"https:\/\/jms.com.bo\/mediamonitor\/wp-json\/wp\/v2\/comments?post=83902"}],"version-history":[{"count":0,"href":"https:\/\/jms.com.bo\/mediamonitor\/wp-json\/wp\/v2\/posts\/83902\/revisions"}],"wp:featuredmedia":[{"embeddable":true,"href":"https:\/\/jms.com.bo\/mediamonitor\/wp-json\/wp\/v2\/media\/83903"}],"wp:attachment":[{"href":"https:\/\/jms.com.bo\/mediamonitor\/wp-json\/wp\/v2\/media?parent=83902"}],"wp:term":[{"taxonomy":"category","embeddable":true,"href":"https:\/\/jms.com.bo\/mediamonitor\/wp-json\/wp\/v2\/categories?post=83902"},{"taxonomy":"post_tag","embeddable":true,"href":"https:\/\/jms.com.bo\/mediamonitor\/wp-json\/wp\/v2\/tags?post=83902"}],"curies":[{"name":"wp","href":"https:\/\/api.w.org\/{rel}","templated":true}]}}