{"id":83904,"date":"2026-01-28T07:48:05","date_gmt":"2026-01-28T11:48:05","guid":{"rendered":"https:\/\/mediamonitorbo.com.bo\/?p=17186"},"modified":"2026-01-28T07:48:05","modified_gmt":"2026-01-28T11:48:05","slug":"rodrigo-paz-viaja-a-panama-para-asistir-al-foro-economico-de-america-latina-y-el-caribe","status":"publish","type":"post","link":"https:\/\/jms.com.bo\/mediamonitor\/2026\/01\/28\/rodrigo-paz-viaja-a-panama-para-asistir-al-foro-economico-de-america-latina-y-el-caribe\/","title":{"rendered":"Rodrigo Paz viaja a Panam\u00e1 para asistir al Foro Econ\u00f3mico de Am\u00e9rica Latina y el Caribe"},"content":{"rendered":"<p style=\"text-align: justify\">El presidente boliviano, Rodrigo Paz, viaj\u00f3 este martes a Panam\u00e1, pa\u00eds que acoger\u00e1 desde el mi\u00e9rcoles el Foro Econ\u00f3mico Internacional de Am\u00e9rica Latina y el Caribe, para exponer el potencial productivo junto a la nueva agenda de Bolivia a m\u00e1s de casi tres meses de su llegada al Gobierno.<\/p>\n<p style=\"text-align: justify\">El viaje de Paz se fij\u00f3 para las 16:30 hora local (20:00 GMT) y su llegada a Panam\u00e1 alrededor de las 23:00 (3:00 GMT del mi\u00e9rcoles), dijo a EFE una fuente de la Presidencia del pa\u00eds suramericano.<\/p>\n<p style=\"text-align: justify\">\u00abEste foro es clave para fortalecer la cooperaci\u00f3n regional, atraer inversi\u00f3n y cuidar nuestra econom\u00eda, siempre pensando en mejorar la vida de la gente\u00bb, public\u00f3 en X el ministro de Econom\u00eda, Gabriel Espinoza, quien acompa\u00f1a al mandatario boliviano en la segunda versi\u00f3n del evento organizado por el Banco de Desarrollo de Am\u00e9rica Latina (CAF).<\/p>\n<p style=\"text-align: justify\">El ministro tambi\u00e9n indic\u00f3 que Bolivia \u00abtendr\u00e1 un espacio central en el Bolivia Day, donde vamos a mostrar nuestra agenda de crecimiento, inversi\u00f3n y desarrollo sostenible y todo el potencial productivo de nuestro pa\u00eds\u00bb.<\/p>\n<p style=\"text-align: justify\">El evento en Panam\u00e1 servir\u00e1 tambi\u00e9n para que el presidente Paz y su hom\u00f3logo brasile\u00f1o, Luiz In\u00e1cio Lula da Silva, sostengan por primera vez un encuentro bilateral que abrir\u00e1 un nuevo ciclo en la din\u00e1mica entre ambos pa\u00edses.<\/p>\n<p style=\"text-align: justify\">El encuentro entre Paz y Lula Da Silva fue confirmado en la v\u00edspera, tras la visita a La Paz del canciller brasile\u00f1o, Mauro Vieira, quien tambi\u00e9n inform\u00f3 sobre la invitaci\u00f3n de Lula para que Paz visite Brasil en los siguientes meses.<\/p>\n<p style=\"text-align: justify\">Vieira, que esta semana tambi\u00e9n visitar\u00e1 Per\u00fa y Ecuador, expres\u00f3 que Brasil y Bolivia trabajan conjuntamente para desarrollar una agenda \u00abs\u00f3lida, efectiva y productiva\u00bb.<\/p>\n<p style=\"text-align: justify\">El viaje de Paz se realiza en el marco del decreto 5515 que ajust\u00f3 la organizaci\u00f3n del Ejecutivo y que le permite gobernar mediante instrumentos digitales cuando se encuentre provisionalmente fuera del pa\u00eds.<\/p>\n<p style=\"text-align: justify\">Por esto, no es necesario que Paz haga el traspaso de mando al vicepresidente Edmand Lara, con quien se ha distanciado debido a varias decisiones que tom\u00f3 el jefe de Estado con las que Lara no estuvo de acuerdo.<\/p>\n","protected":false},"excerpt":{"rendered":"<p>El presidente boliviano, Rodrigo Paz, viaj\u00f3 este martes a Panam\u00e1, pa\u00eds que acoger\u00e1 desde el mi\u00e9rcoles el Foro Econ\u00f3mico Internacional de Am\u00e9rica Latina y el Caribe, para exponer el potencial productivo junto a la nueva agenda de Bolivia a m\u00e1s de casi tres meses de su llegada al Gobierno. El viaje de Paz se fij\u00f3 [&hellip;]<\/p>\n","protected":false},"author":1,"featured_media":83905,"comment_status":"closed","ping_status":"open","sticky":false,"template":"","format":"standard","meta":{"footnotes":""},"categories":[18,48,46],"tags":[],"class_list":{"0":"post-83904","1":"post","2":"type-post","3":"status-publish","4":"format-standard","5":"has-post-thumbnail","7":"category-politica","8":"category-portada-general-sitio","9":"category-portada-politica"},"_links":{"self":[{"href":"https:\/\/jms.com.bo\/mediamonitor\/wp-json\/wp\/v2\/posts\/83904","targetHints":{"allow":["GET"]}}],"collection":[{"href":"https:\/\/jms.com.bo\/mediamonitor\/wp-json\/wp\/v2\/posts"}],"about":[{"href":"https:\/\/jms.com.bo\/mediamonitor\/wp-json\/wp\/v2\/types\/post"}],"author":[{"embeddable":true,"href":"https:\/\/jms.com.bo\/mediamonitor\/wp-json\/wp\/v2\/users\/1"}],"replies":[{"embeddable":true,"href":"https:\/\/jms.com.bo\/mediamonitor\/wp-json\/wp\/v2\/comments?post=83904"}],"version-history":[{"count":0,"href":"https:\/\/jms.com.bo\/mediamonitor\/wp-json\/wp\/v2\/posts\/83904\/revisions"}],"wp:featuredmedia":[{"embeddable":true,"href":"https:\/\/jms.com.bo\/mediamonitor\/wp-json\/wp\/v2\/media\/83905"}],"wp:attachment":[{"href":"https:\/\/jms.com.bo\/mediamonitor\/wp-json\/wp\/v2\/media?parent=83904"}],"wp:term":[{"taxonomy":"category","embeddable":true,"href":"https:\/\/jms.com.bo\/mediamonitor\/wp-json\/wp\/v2\/categories?post=83904"},{"taxonomy":"post_tag","embeddable":true,"href":"https:\/\/jms.com.bo\/mediamonitor\/wp-json\/wp\/v2\/tags?post=83904"}],"curies":[{"name":"wp","href":"https:\/\/api.w.org\/{rel}","templated":true}]}}