{"id":83908,"date":"2026-01-28T07:51:55","date_gmt":"2026-01-28T11:51:55","guid":{"rendered":"https:\/\/mediamonitorbo.com.bo\/?p=17192"},"modified":"2026-01-28T07:51:55","modified_gmt":"2026-01-28T11:51:55","slug":"precio-del-dolar-paralelo-continua-en-descenso-y-reabre-el-debate-sobre-el-tipo-de-cambio","status":"publish","type":"post","link":"https:\/\/jms.com.bo\/mediamonitor\/2026\/01\/28\/precio-del-dolar-paralelo-continua-en-descenso-y-reabre-el-debate-sobre-el-tipo-de-cambio\/","title":{"rendered":"Precio del d\u00f3lar paralelo contin\u00faa en descenso y reabre el debate sobre el tipo de cambio"},"content":{"rendered":"<p style=\"text-align: justify\">El precio del d\u00f3lar paralelo continuaba en picada la ma\u00f1ana de este martes, luego del anuncio del gobierno de iniciar la devoluci\u00f3n de los ahorros en d\u00f3lares \u2014de hasta $us 1.000\u2014 de los ahorristas del sistema financiero, que fueron retenidos por la anterior gesti\u00f3n de Luis Arce.<\/p>\n<p style=\"text-align: justify\">En los alrededores del mercado La Ramada, en Santa Cruz, por ejemplo, la divisa estadounidense \u2014en f\u00edsico\u2014 se cotizaba en 9,60 bolivianos para la venta al p\u00fablico, mientras que el d\u00f3lar digital en los sitios de referencia oscilaba entre los 9,28 bolivianos para la compra y 9,32 bolivianos para la venta.<\/p>\n<p style=\"text-align: justify\">En tanto, el valor referencial del Banco Central de Bolivia (BCB), se encontraba en 9,09 bolivianos para la compra y 9,28 bolivianos para la venta.<\/p>\n<p style=\"text-align: justify\">De acuerdo con las estad\u00edsticas del sitio dolarbluebolivia.click luego del anuncio del presidente Rodrigo Paz, junto al ministro de Econom\u00eda, Jos\u00e9 Gabriel Espinoza, alrededor de las 15 horas del lunes, la cotizaci\u00f3n se desplom\u00f3 de los 9,55 bolivianos a 9,39, casi al l\u00edmite de la medianoche. Durante las primeras horas de este martes, el precio repunt\u00f3 brevemente hacia los 9,37 bolivianos, pero el desplome se produjo alrededor de las 11 horas.<\/p>\n<p style=\"text-align: justify\">Recuperaci\u00f3n de la confianza<br \/>\nPara el economista Rub\u00e9n Arias, la primera se\u00f1al de esta medida es la recuperaci\u00f3n gradual de la confianza en el sistema financiero, un factor clave para explicar la ca\u00edda del d\u00f3lar paralelo registrada en las \u00faltimas horas. \u201cEsta medida busca recuperar la confianza de la gente en el sistema financiero y generar un ambiente de mayor seguridad jur\u00eddica respecto al manejo de los dep\u00f3sitos\u201d, afirm\u00f3.<\/p>\n<p style=\"text-align: justify\">De acuerdo con sus estimaciones, m\u00e1s de 700.000 personas se beneficiar\u00e1n directamente, ya que quienes ten\u00edan hasta 1.000 d\u00f3lares inmovilizados al 31 de diciembre de 2025, podr\u00e1n retirar ese monto.<\/p>\n<p style=\"text-align: justify\">A ello se suma la decisi\u00f3n de reducir el encaje legal en moneda extranjera, una medida que, lejos de representar un riesgo para la banca, puede contribuir a aliviar la escasez de divisas. \u201cVa a servir para que mayor cantidad de moneda extranjera pueda circular en la econom\u00eda, lo que va a ayudar a descomprimir el tipo de cambio del d\u00f3lar paralelo\u201d, explic\u00f3.<\/p>\n<p style=\"text-align: justify\">El economista se\u00f1al\u00f3 que la combinaci\u00f3n de mayor circulante en d\u00f3lares y una se\u00f1al de confianza genera un impacto casi inmediato. \u201cVamos a ver un resultado inmediato de que va a bajar el d\u00f3lar paralelo, no solo porque va a haber m\u00e1s d\u00f3lares en circulaci\u00f3n, sino porque los bancos van a disponer de m\u00e1s recursos en moneda extranjera\u201d, sostuvo.<\/p>\n<p style=\"text-align: justify\">Ese mayor margen de liquidez tambi\u00e9n abre la puerta a un mejor acceso al cr\u00e9dito, otro de los ejes centrales de la medida. Arias indic\u00f3 que la disminuci\u00f3n del encaje legal permitir\u00e1 a las entidades financieras contar con m\u00e1s d\u00f3lares para prestar, lo que podr\u00eda aliviar las restricciones actuales. \u201cEsto va a facilitar el acceso al cr\u00e9dito porque habr\u00e1 mayor liquidez bancaria para poder prestar\u201d, afirm\u00f3.<\/p>\n<p style=\"text-align: justify\">Respecto a si el d\u00f3lar paralelo puede acercarse al tipo de cambio oficial del Banco Central, fijado en 6,96 bolivianos, Arias fue cauto. Reconoci\u00f3 que la brecha tender\u00e1 a reducirse, pero advirti\u00f3 que el nivel final depender\u00e1 de la oferta y la demanda. \u201cQue se va a cortar la brecha, indudablemente s\u00ed; que llegue al d\u00f3lar referencial todav\u00eda habr\u00e1 que ver\u201d, se\u00f1al\u00f3. Desde su an\u00e1lisis t\u00e9cnico, considera poco probable que la cotizaci\u00f3n baje de 8 bolivianos, debido a la demanda estructural de d\u00f3lares para importaciones.<\/p>\n<p style=\"text-align: justify\">En ese contexto, el economista puso la mirada en un segundo paso clave: la definici\u00f3n de un esquema de tipo de cambio flotante. Record\u00f3 que el presidente del Banco Central anunci\u00f3 la intenci\u00f3n de avanzar hacia ese mecanismo, aunque todav\u00eda falta conocer los detalles t\u00e9cnicos. \u201cEl tipo de cambio flotante ya fue anunciado, pero a\u00fan est\u00e1 por verse el mecanismo operativo para que esto se d\u00e9\u201d, indic\u00f3.<\/p>\n<p style=\"text-align: justify\">Finalmente, sobre una eventual devaluaci\u00f3n oficial, Arias consider\u00f3 que, aunque en la pr\u00e1ctica ya existe una de facto, una decisi\u00f3n formal en el corto plazo es poco probable. \u201cHablar de una devaluaci\u00f3n es un tema cr\u00edtico por sus implicancias econ\u00f3micas, pol\u00edticas y sociales\u201d, advirti\u00f3. A su juicio, el Gobierno apostar\u00e1 primero por estabilizar la econom\u00eda, reducir la brecha cambiaria y recuperar la confianza, antes de tomar una medida de alto costo pol\u00edtico.<\/p>\n","protected":false},"excerpt":{"rendered":"<p>El precio del d\u00f3lar paralelo continuaba en picada la ma\u00f1ana de este martes, luego del anuncio del gobierno de iniciar la devoluci\u00f3n de los ahorros en d\u00f3lares \u2014de hasta $us 1.000\u2014 de los ahorristas del sistema financiero, que fueron retenidos por la anterior gesti\u00f3n de Luis Arce. En los alrededores del mercado La Ramada, en [&hellip;]<\/p>\n","protected":false},"author":1,"featured_media":83909,"comment_status":"closed","ping_status":"open","sticky":false,"template":"","format":"standard","meta":{"footnotes":""},"categories":[25],"tags":[],"class_list":{"0":"post-83908","1":"post","2":"type-post","3":"status-publish","4":"format-standard","5":"has-post-thumbnail","7":"category-economia"},"_links":{"self":[{"href":"https:\/\/jms.com.bo\/mediamonitor\/wp-json\/wp\/v2\/posts\/83908","targetHints":{"allow":["GET"]}}],"collection":[{"href":"https:\/\/jms.com.bo\/mediamonitor\/wp-json\/wp\/v2\/posts"}],"about":[{"href":"https:\/\/jms.com.bo\/mediamonitor\/wp-json\/wp\/v2\/types\/post"}],"author":[{"embeddable":true,"href":"https:\/\/jms.com.bo\/mediamonitor\/wp-json\/wp\/v2\/users\/1"}],"replies":[{"embeddable":true,"href":"https:\/\/jms.com.bo\/mediamonitor\/wp-json\/wp\/v2\/comments?post=83908"}],"version-history":[{"count":0,"href":"https:\/\/jms.com.bo\/mediamonitor\/wp-json\/wp\/v2\/posts\/83908\/revisions"}],"wp:featuredmedia":[{"embeddable":true,"href":"https:\/\/jms.com.bo\/mediamonitor\/wp-json\/wp\/v2\/media\/83909"}],"wp:attachment":[{"href":"https:\/\/jms.com.bo\/mediamonitor\/wp-json\/wp\/v2\/media?parent=83908"}],"wp:term":[{"taxonomy":"category","embeddable":true,"href":"https:\/\/jms.com.bo\/mediamonitor\/wp-json\/wp\/v2\/categories?post=83908"},{"taxonomy":"post_tag","embeddable":true,"href":"https:\/\/jms.com.bo\/mediamonitor\/wp-json\/wp\/v2\/tags?post=83908"}],"curies":[{"name":"wp","href":"https:\/\/api.w.org\/{rel}","templated":true}]}}