{"id":84276,"date":"2026-02-10T07:23:11","date_gmt":"2026-02-10T11:23:11","guid":{"rendered":"https:\/\/mediamonitorbo.com.bo\/?p=17766"},"modified":"2026-02-10T07:23:11","modified_gmt":"2026-02-10T11:23:11","slug":"sedes-declara-alerta-roja-por-chinkungunya-en-santa-cruz-tras-confirmar-el-primer-fallecido","status":"publish","type":"post","link":"https:\/\/jms.com.bo\/mediamonitor\/2026\/02\/10\/sedes-declara-alerta-roja-por-chinkungunya-en-santa-cruz-tras-confirmar-el-primer-fallecido\/","title":{"rendered":"Sedes declara Alerta Roja por Chinkungunya en Santa Cruz tras confirmar el primer fallecido"},"content":{"rendered":"<p style=\"text-align: justify\">Un hombre de 80 a\u00f1os, con enfermedad de base, es el primer fallecido por chikungunya en Santa Cruz, seg\u00fan el Servicio Departamental de Salud (Sedes).<\/p>\n<p style=\"text-align: justify\">\u201cEstamos muy preocupados. Estamos en una epidemia de alta transmisi\u00f3n por la chikungunya\u201d, se\u00f1al\u00f3 el jefe de Epidemiolog\u00eda del Sedes, Carlos Hurtado.<\/p>\n<p style=\"text-align: justify\">Agreg\u00f3 que hasta la anterior semana se hab\u00edan reportado unos 1.000 casos y actualmente ya se lleg\u00f3 a unos 1.400, lo que representa un incremento de unos 400 en una semana.<\/p>\n<p style=\"text-align: justify\">En concreto hay 1.398 casos se\u00f1al\u00f3 el director del Sedes, Julio C\u00e9sar Koca, al anunciar la declaratoria de Alerta Roja a nivel departamental por esta enfermedad.<\/p>\n<p style=\"text-align: justify\">Adem\u00e1s hay 26 pacientes internados, seis en terapia intensiva y dos de ellos son beb\u00e9s que tienen complicaciones por meningitis viral. Adem\u00e1s 26 de los 56 municipios de Santa Cruz han reportado casos.<\/p>\n<p style=\"text-align: justify\">El 88 % de los casos confirmado son de la ciudad de Santa Cruz y otros municipios con alta incidencia son La Guardia, Cotoca, San Juli\u00e1n y Yapacan\u00ed entre otros. \u201cLa responsabilidad est\u00e1 en casa, el enemigo, el Aedes Aegypti, vive en la casa, hay que limpiar los envases que puedan tener agua limpia y as\u00ed evitar esta enfermedad que hoy nos est\u00e1 golpeando\u201d, se\u00f1al\u00f3 Hurtado.<\/p>\n<p style=\"text-align: justify\">Adem\u00e1s pidi\u00f3 a los municipios realizar acciones para contener la enfermedad y evitar que la epidemia se desborde. Los s\u00edntomas son fiebre alta, mareo, v\u00f3mitos, dolor de cabeza constante, dolor por detr\u00e1s de los ojos, manchas rojas en todo el cuerpo, cansancio excesivo sin raz\u00f3n aparente, dolor en articulaciones y huesos. Koca recomend\u00f3 acudir al centro de salud m\u00e1s cercano ante los primeros s\u00edntomas para confirmar o descartar la enfermedad. Insisti\u00f3 en no automedicarse.<\/p>\n","protected":false},"excerpt":{"rendered":"<p>Un hombre de 80 a\u00f1os, con enfermedad de base, es el primer fallecido por chikungunya en Santa Cruz, seg\u00fan el Servicio Departamental de Salud (Sedes). \u201cEstamos muy preocupados. Estamos en una epidemia de alta transmisi\u00f3n por la chikungunya\u201d, se\u00f1al\u00f3 el jefe de Epidemiolog\u00eda del Sedes, Carlos Hurtado. Agreg\u00f3 que hasta la anterior semana se hab\u00edan [&hellip;]<\/p>\n","protected":false},"author":1,"featured_media":84277,"comment_status":"closed","ping_status":"open","sticky":false,"template":"","format":"standard","meta":{"footnotes":""},"categories":[53],"tags":[],"class_list":{"0":"post-84276","1":"post","2":"type-post","3":"status-publish","4":"format-standard","5":"has-post-thumbnail","7":"category-salud"},"_links":{"self":[{"href":"https:\/\/jms.com.bo\/mediamonitor\/wp-json\/wp\/v2\/posts\/84276","targetHints":{"allow":["GET"]}}],"collection":[{"href":"https:\/\/jms.com.bo\/mediamonitor\/wp-json\/wp\/v2\/posts"}],"about":[{"href":"https:\/\/jms.com.bo\/mediamonitor\/wp-json\/wp\/v2\/types\/post"}],"author":[{"embeddable":true,"href":"https:\/\/jms.com.bo\/mediamonitor\/wp-json\/wp\/v2\/users\/1"}],"replies":[{"embeddable":true,"href":"https:\/\/jms.com.bo\/mediamonitor\/wp-json\/wp\/v2\/comments?post=84276"}],"version-history":[{"count":0,"href":"https:\/\/jms.com.bo\/mediamonitor\/wp-json\/wp\/v2\/posts\/84276\/revisions"}],"wp:featuredmedia":[{"embeddable":true,"href":"https:\/\/jms.com.bo\/mediamonitor\/wp-json\/wp\/v2\/media\/84277"}],"wp:attachment":[{"href":"https:\/\/jms.com.bo\/mediamonitor\/wp-json\/wp\/v2\/media?parent=84276"}],"wp:term":[{"taxonomy":"category","embeddable":true,"href":"https:\/\/jms.com.bo\/mediamonitor\/wp-json\/wp\/v2\/categories?post=84276"},{"taxonomy":"post_tag","embeddable":true,"href":"https:\/\/jms.com.bo\/mediamonitor\/wp-json\/wp\/v2\/tags?post=84276"}],"curies":[{"name":"wp","href":"https:\/\/api.w.org\/{rel}","templated":true}]}}