{"id":84797,"date":"2026-02-27T07:12:51","date_gmt":"2026-02-27T11:12:51","guid":{"rendered":"https:\/\/mediamonitorbo.com.bo\/?p=18584"},"modified":"2026-02-27T07:12:51","modified_gmt":"2026-02-27T11:12:51","slug":"confirman-el-quinto-fallecido-por-chikunguna-los-casos-suben-a-3-938-y-activan-el-comite-de-emergencia","status":"publish","type":"post","link":"https:\/\/jms.com.bo\/mediamonitor\/2026\/02\/27\/confirman-el-quinto-fallecido-por-chikunguna-los-casos-suben-a-3-938-y-activan-el-comite-de-emergencia\/","title":{"rendered":"Confirman el quinto fallecido por chikungu\u00f1a, los casos suben a 3.938 y activan el Comit\u00e9 de Emergencia"},"content":{"rendered":"<p style=\"text-align: justify\">La epidemia de chikungu\u00f1a contin\u00faa en ascenso en el departamento de Santa Cruz. El director del Servicio Departamental de Salud (Sedes), Julio C\u00e9sar Koca, confirm\u00f3 este jueves el quinto fallecido a causa de la enfermedad, mientras que los casos positivos ya alcanzan los 3.938, lo que refuerza la preocupaci\u00f3n de las autoridades sanitarias.<\/p>\n<p style=\"text-align: justify\">Ante el incremento sostenido de contagios y decesos, se instal\u00f3 el Comit\u00e9 de Operaciones de Emergencia Departamental (COED), con el objetivo de coordinar acciones inmediatas junto al municipio cruce\u00f1o, la Direcci\u00f3n Departamental de Educaci\u00f3n (DDE) y otras instituciones, para contener el avance de la enfermedad.<\/p>\n<p style=\"text-align: justify\">Casos en aumento y acciones urgentes<\/p>\n<p style=\"text-align: justify\">Durante la reuni\u00f3n del COED, el Sedes present\u00f3 un informe actualizado de la situaci\u00f3n epidemiol\u00f3gica y detall\u00f3 las estrategias que se ejecutan para frenar la propagaci\u00f3n. Entre las medidas adoptadas se encuentran el fortalecimiento de la vigilancia, campa\u00f1as de prevenci\u00f3n y operativos intensivos de control vectorial.<\/p>\n<p style=\"text-align: justify\">Koca inform\u00f3 que, si bien los contagios siguen en aumento, tambi\u00e9n existen pacientes que evolucionan favorablemente. En particular, los beb\u00e9s que permanecen internados muestran mejor\u00eda y se prev\u00e9 que la pr\u00f3xima semana puedan ser trasladados a sala com\u00fan.<\/p>\n<p style=\"text-align: justify\">Fumigaci\u00f3n masiva y eliminaci\u00f3n de criaderos<\/p>\n<p style=\"text-align: justify\">En coordinaci\u00f3n con el municipio de Santa Cruz, las brigadas sanitarias intensificaron la eliminaci\u00f3n de criaderos de mosquitos y la fumigaci\u00f3n casa por casa en los Distritos 7 y 8 de la Red de Salud Este, iniciando las tareas desde la plaza de la Villa 1ro de Mayo.<\/p>\n<p style=\"text-align: justify\">La autoridad sanitaria recalc\u00f3 que la epidemia no podr\u00e1 ser controlada sin la participaci\u00f3n activa de la poblaci\u00f3n. \u201cSi los vecinos no ayudan con la destrucci\u00f3n de criaderos en sus domicilios, ninguna instituci\u00f3n podr\u00e1 hacer todo el trabajo. Cinco minutos en el patio pueden marcar la diferencia y salvar vidas\u201d, enfatiz\u00f3 Koca.<\/p>\n<p style=\"text-align: justify\">Llamado a la poblaci\u00f3n<\/p>\n<p style=\"text-align: justify\">El Sedes exhort\u00f3 a la ciudadan\u00eda a acudir de inmediato al centro de salud m\u00e1s cercano ante la presencia de s\u00edntomas como fiebre alta y dolor intenso en las articulaciones, y evitar la automedicaci\u00f3n.<\/p>\n<p style=\"text-align: justify\">Asimismo, recomend\u00f3 instalar mallas milim\u00e9tricas en puertas y ventanas, usar repelente y eliminar recipientes con agua acumulada en los hogares.<\/p>\n<p style=\"text-align: justify\">Las autoridades insisten en que la lucha contra la chikungu\u00f1a es una responsabilidad compartida y que la acci\u00f3n oportuna de la poblaci\u00f3n ser\u00e1 clave para frenar el avance de una enfermedad que ya ha cobrado cinco vidas en el departamento.<\/p>\n","protected":false},"excerpt":{"rendered":"<p>La epidemia de chikungu\u00f1a contin\u00faa en ascenso en el departamento de Santa Cruz. El director del Servicio Departamental de Salud (Sedes), Julio C\u00e9sar Koca, confirm\u00f3 este jueves el quinto fallecido a causa de la enfermedad, mientras que los casos positivos ya alcanzan los 3.938, lo que refuerza la preocupaci\u00f3n de las autoridades sanitarias. Ante el [&hellip;]<\/p>\n","protected":false},"author":1,"featured_media":84798,"comment_status":"closed","ping_status":"open","sticky":false,"template":"","format":"standard","meta":{"footnotes":""},"categories":[53],"tags":[],"class_list":{"0":"post-84797","1":"post","2":"type-post","3":"status-publish","4":"format-standard","5":"has-post-thumbnail","7":"category-salud"},"_links":{"self":[{"href":"https:\/\/jms.com.bo\/mediamonitor\/wp-json\/wp\/v2\/posts\/84797","targetHints":{"allow":["GET"]}}],"collection":[{"href":"https:\/\/jms.com.bo\/mediamonitor\/wp-json\/wp\/v2\/posts"}],"about":[{"href":"https:\/\/jms.com.bo\/mediamonitor\/wp-json\/wp\/v2\/types\/post"}],"author":[{"embeddable":true,"href":"https:\/\/jms.com.bo\/mediamonitor\/wp-json\/wp\/v2\/users\/1"}],"replies":[{"embeddable":true,"href":"https:\/\/jms.com.bo\/mediamonitor\/wp-json\/wp\/v2\/comments?post=84797"}],"version-history":[{"count":0,"href":"https:\/\/jms.com.bo\/mediamonitor\/wp-json\/wp\/v2\/posts\/84797\/revisions"}],"wp:featuredmedia":[{"embeddable":true,"href":"https:\/\/jms.com.bo\/mediamonitor\/wp-json\/wp\/v2\/media\/84798"}],"wp:attachment":[{"href":"https:\/\/jms.com.bo\/mediamonitor\/wp-json\/wp\/v2\/media?parent=84797"}],"wp:term":[{"taxonomy":"category","embeddable":true,"href":"https:\/\/jms.com.bo\/mediamonitor\/wp-json\/wp\/v2\/categories?post=84797"},{"taxonomy":"post_tag","embeddable":true,"href":"https:\/\/jms.com.bo\/mediamonitor\/wp-json\/wp\/v2\/tags?post=84797"}],"curies":[{"name":"wp","href":"https:\/\/api.w.org\/{rel}","templated":true}]}}