{"id":84799,"date":"2026-02-27T07:14:03","date_gmt":"2026-02-27T11:14:03","guid":{"rendered":"https:\/\/mediamonitorbo.com.bo\/?p=18587"},"modified":"2026-02-27T07:14:03","modified_gmt":"2026-02-27T11:14:03","slug":"exposoya-2026-se-reprograma-por-lluvias-y-se-realizara-del-5-al-7-de-marzo","status":"publish","type":"post","link":"https:\/\/jms.com.bo\/mediamonitor\/2026\/02\/27\/exposoya-2026-se-reprograma-por-lluvias-y-se-realizara-del-5-al-7-de-marzo\/","title":{"rendered":"Exposoya 2026 se reprograma por lluvias y se realizar\u00e1 del 5 al 7 de marzo"},"content":{"rendered":"<p style=\"text-align: justify\">La organizaci\u00f3n de Exposoya 2026 anunci\u00f3 este mi\u00e9rcoles la reprogramaci\u00f3n del evento debido a la persistencia de las lluvias y a los pron\u00f3sticos de inestabilidad clim\u00e1tica previstos para este viernes y s\u00e1bado en la zona de Cuatro Ca\u00f1adas, en el departamento de Santa Cruz.<\/p>\n<p style=\"text-align: justify\">Mediante un comunicado oficial, los organizadores informaron que la decisi\u00f3n fue asumida con el objetivo de precautelar la seguridad de los expositores, productores y visitantes, adem\u00e1s de garantizar el adecuado desarrollo y el \u00e9xito de la muestra tecnol\u00f3gica.<\/p>\n<p style=\"text-align: justify\">De acuerdo con la nueva agenda, Exposoya 2026 se llevar\u00e1 a cabo los d\u00edas jueves 5, viernes 6 y s\u00e1bado 7 de marzo.<\/p>\n<p style=\"text-align: justify\">\u201cLa prioridad es recibir al sector en condiciones \u00f3ptimas, como se merece\u201d, se\u00f1ala el comunicado, que adem\u00e1s agradece la comprensi\u00f3n de las m\u00e1s de 130 empresas expositoras y de los productores que participan del evento.<\/p>\n<p style=\"text-align: justify\">La organizaci\u00f3n asegur\u00f3 que toda la innovaci\u00f3n tecnol\u00f3gica y las actividades previstas se desarrollar\u00e1n con normalidad en las nuevas fechas, destacando que la muestra llegar\u00e1 \u201ccon m\u00e1s fuerza\u201d la pr\u00f3xima semana.<\/p>\n","protected":false},"excerpt":{"rendered":"<p>La organizaci\u00f3n de Exposoya 2026 anunci\u00f3 este mi\u00e9rcoles la reprogramaci\u00f3n del evento debido a la persistencia de las lluvias y a los pron\u00f3sticos de inestabilidad clim\u00e1tica previstos para este viernes y s\u00e1bado en la zona de Cuatro Ca\u00f1adas, en el departamento de Santa Cruz. Mediante un comunicado oficial, los organizadores informaron que la decisi\u00f3n fue [&hellip;]<\/p>\n","protected":false},"author":1,"featured_media":84800,"comment_status":"closed","ping_status":"open","sticky":false,"template":"","format":"standard","meta":{"footnotes":""},"categories":[57],"tags":[],"class_list":{"0":"post-84799","1":"post","2":"type-post","3":"status-publish","4":"format-standard","5":"has-post-thumbnail","7":"category-alimentos-y-agroindustria"},"_links":{"self":[{"href":"https:\/\/jms.com.bo\/mediamonitor\/wp-json\/wp\/v2\/posts\/84799","targetHints":{"allow":["GET"]}}],"collection":[{"href":"https:\/\/jms.com.bo\/mediamonitor\/wp-json\/wp\/v2\/posts"}],"about":[{"href":"https:\/\/jms.com.bo\/mediamonitor\/wp-json\/wp\/v2\/types\/post"}],"author":[{"embeddable":true,"href":"https:\/\/jms.com.bo\/mediamonitor\/wp-json\/wp\/v2\/users\/1"}],"replies":[{"embeddable":true,"href":"https:\/\/jms.com.bo\/mediamonitor\/wp-json\/wp\/v2\/comments?post=84799"}],"version-history":[{"count":0,"href":"https:\/\/jms.com.bo\/mediamonitor\/wp-json\/wp\/v2\/posts\/84799\/revisions"}],"wp:featuredmedia":[{"embeddable":true,"href":"https:\/\/jms.com.bo\/mediamonitor\/wp-json\/wp\/v2\/media\/84800"}],"wp:attachment":[{"href":"https:\/\/jms.com.bo\/mediamonitor\/wp-json\/wp\/v2\/media?parent=84799"}],"wp:term":[{"taxonomy":"category","embeddable":true,"href":"https:\/\/jms.com.bo\/mediamonitor\/wp-json\/wp\/v2\/categories?post=84799"},{"taxonomy":"post_tag","embeddable":true,"href":"https:\/\/jms.com.bo\/mediamonitor\/wp-json\/wp\/v2\/tags?post=84799"}],"curies":[{"name":"wp","href":"https:\/\/api.w.org\/{rel}","templated":true}]}}