{"id":84882,"date":"2026-03-03T07:42:48","date_gmt":"2026-03-03T11:42:48","guid":{"rendered":"https:\/\/mediamonitorbo.com.bo\/?p=18715"},"modified":"2026-03-03T07:42:48","modified_gmt":"2026-03-03T11:42:48","slug":"santa-cruz-registra-desaceleracion-de-la-curva-epidemiologica-de-chikungunya","status":"publish","type":"post","link":"https:\/\/jms.com.bo\/mediamonitor\/2026\/03\/03\/santa-cruz-registra-desaceleracion-de-la-curva-epidemiologica-de-chikungunya\/","title":{"rendered":"Santa Cruz registra desaceleraci\u00f3n de la curva epidemiol\u00f3gica de chikungunya"},"content":{"rendered":"<p style=\"text-align: justify\">La curva epidemiol\u00f3gica de la chikungunya en Santa Cruz muestra una clara desaceleraci\u00f3n y tendencia descendente. En la \u00faltima semana epidemiol\u00f3gica, la incidencia de la enfermedad baj\u00f3 a 655 casos positivos; 300 menos que la anterior semana.<\/p>\n<p style=\"text-align: justify\">El total de casos en ese departamento ascendi\u00f3 4.283, seg\u00fan un reporte del Servicio Departamental de Salud (Sedes).<\/p>\n<p style=\"text-align: justify\">\u201cEstamos entrando a una meseta epidemiol\u00f3gica producto de todas las acciones en los barrios, en las unidades vecinales, en las unidades educativas y en las provincias. Seguimos garantizando la atenci\u00f3n m\u00e9dica, y el COED departamental ha anunciado una minga para los pr\u00f3ximos d\u00edas, que eso ser\u00e1 seguramente la mejor estrategia para dar fin a esta enfermedad\u201d, inform\u00f3 el jefe de Epidemiolog\u00eda del Sedes, Carlos Hurtado.<\/p>\n<p style=\"text-align: justify\">Respecto de la positividad, el funcionario se\u00f1al\u00f3 que a\u00fan es alta, del 51%. Es decir que, de cada 100 pacientes, 51 son positivos.<\/p>\n<p style=\"text-align: justify\">Acot\u00f3 que 40 personas est\u00e1n internadas debido a la enfermedad; de ellas, seis est\u00e1n en terapia intensiva en diferentes centros de salud. Adem\u00e1s, report\u00f3 el deceso de cinco personas.<\/p>\n<p style=\"text-align: justify\">Hurtado reiter\u00f3 su pedido a la poblaci\u00f3n de contribuir desde la casa a combatir la chikungunya con la destrucci\u00f3n de criaderos de mosquitos.<\/p>\n<p style=\"text-align: justify\">Lea tambi\u00e9n: Cochabamba: Alcald\u00eda halla larvas de Aedes aegypti en m\u00e1s de 1.000 casas<br \/>\nPidi\u00f3 eliminar objetos que contengan agua, ya que es donde se desarrolla el vector y transmite el mal a trav\u00e9s de la picadura.<\/p>\n","protected":false},"excerpt":{"rendered":"<p>La curva epidemiol\u00f3gica de la chikungunya en Santa Cruz muestra una clara desaceleraci\u00f3n y tendencia descendente. En la \u00faltima semana epidemiol\u00f3gica, la incidencia de la enfermedad baj\u00f3 a 655 casos positivos; 300 menos que la anterior semana. El total de casos en ese departamento ascendi\u00f3 4.283, seg\u00fan un reporte del Servicio Departamental de Salud (Sedes). [&hellip;]<\/p>\n","protected":false},"author":1,"featured_media":84883,"comment_status":"closed","ping_status":"open","sticky":false,"template":"","format":"standard","meta":{"footnotes":""},"categories":[53],"tags":[],"class_list":{"0":"post-84882","1":"post","2":"type-post","3":"status-publish","4":"format-standard","5":"has-post-thumbnail","7":"category-salud"},"_links":{"self":[{"href":"https:\/\/jms.com.bo\/mediamonitor\/wp-json\/wp\/v2\/posts\/84882","targetHints":{"allow":["GET"]}}],"collection":[{"href":"https:\/\/jms.com.bo\/mediamonitor\/wp-json\/wp\/v2\/posts"}],"about":[{"href":"https:\/\/jms.com.bo\/mediamonitor\/wp-json\/wp\/v2\/types\/post"}],"author":[{"embeddable":true,"href":"https:\/\/jms.com.bo\/mediamonitor\/wp-json\/wp\/v2\/users\/1"}],"replies":[{"embeddable":true,"href":"https:\/\/jms.com.bo\/mediamonitor\/wp-json\/wp\/v2\/comments?post=84882"}],"version-history":[{"count":0,"href":"https:\/\/jms.com.bo\/mediamonitor\/wp-json\/wp\/v2\/posts\/84882\/revisions"}],"wp:featuredmedia":[{"embeddable":true,"href":"https:\/\/jms.com.bo\/mediamonitor\/wp-json\/wp\/v2\/media\/84883"}],"wp:attachment":[{"href":"https:\/\/jms.com.bo\/mediamonitor\/wp-json\/wp\/v2\/media?parent=84882"}],"wp:term":[{"taxonomy":"category","embeddable":true,"href":"https:\/\/jms.com.bo\/mediamonitor\/wp-json\/wp\/v2\/categories?post=84882"},{"taxonomy":"post_tag","embeddable":true,"href":"https:\/\/jms.com.bo\/mediamonitor\/wp-json\/wp\/v2\/tags?post=84882"}],"curies":[{"name":"wp","href":"https:\/\/api.w.org\/{rel}","templated":true}]}}