{"id":84922,"date":"2026-03-04T07:30:59","date_gmt":"2026-03-04T11:30:59","guid":{"rendered":"https:\/\/mediamonitorbo.com.bo\/?p=18779"},"modified":"2026-03-04T07:30:59","modified_gmt":"2026-03-04T11:30:59","slug":"sindemia-de-chikungunya-e-influenza","status":"publish","type":"post","link":"https:\/\/jms.com.bo\/mediamonitor\/2026\/03\/04\/sindemia-de-chikungunya-e-influenza\/","title":{"rendered":"\u201cSindemia\u201d de chikungunya e influenza"},"content":{"rendered":"<p style=\"text-align: justify\">Santa Cruz enfrenta una situaci\u00f3n cr\u00edtica de salud: la poblaci\u00f3n est\u00e1 siendo golpeada simult\u00e1neamente por chikungunya e influenza, lo que el secretario departamental de Salud, Edil Toledo, describe como una sindemia.<\/p>\n<p style=\"text-align: justify\">La combinaci\u00f3n de estas dos enfermedades preocupa, pues mientras una baja ligeramente, la otra sigue en ascenso, afectando tanto a pacientes ambulatorios como hospitalizados en el sistema sanitartio.<\/p>\n<p style=\"text-align: justify\">\u201cEstamos viviendo dos patolog\u00edas que est\u00e1n golpeando al departamento de Santa Cruz, y sin la ayuda del pueblo cruce\u00f1o, esto no va a ser \u00e9xito\u201d, dijo Toledo.<\/p>\n<p style=\"text-align: justify\">El chikungunya mantiene su presencia estable, pero la influenza muestra un aumento sostenido. Toledo explic\u00f3 que la particularidad de esta sindemia radica en la facilidad de contagio de la influenza y su circulaci\u00f3n activa en la poblaci\u00f3n.<\/p>\n<p style=\"text-align: justify\">\u201cLo que nos preocupa es el aumento de los casos en ascenso sostenido de la influenza, es m\u00e1s f\u00e1cil el contagio\u201d, se\u00f1al\u00f3, aunque tambi\u00e9n preocupa la afectaci\u00f3n por la enfermedad transmitida por el mosquito.<\/p>\n<p style=\"text-align: justify\">Para frenar la propagaci\u00f3n del chikungunya, la Gobernaci\u00f3n prepara una minga de limpieza este fin de semana en los distritos 2, 4, 5, 6 y 7 de la capital cruce\u00f1a, identificados como focos de contagio.<\/p>\n<p style=\"text-align: justify\">La acci\u00f3n busca eliminar criaderos de mosquitos y concientizar a la ciudadan\u00eda sobre la responsabilidad compartida en la prevenci\u00f3n de enfermedades vectoriales.<\/p>\n","protected":false},"excerpt":{"rendered":"<p>Santa Cruz enfrenta una situaci\u00f3n cr\u00edtica de salud: la poblaci\u00f3n est\u00e1 siendo golpeada simult\u00e1neamente por chikungunya e influenza, lo que el secretario departamental de Salud, Edil Toledo, describe como una sindemia. La combinaci\u00f3n de estas dos enfermedades preocupa, pues mientras una baja ligeramente, la otra sigue en ascenso, afectando tanto a pacientes ambulatorios como hospitalizados [&hellip;]<\/p>\n","protected":false},"author":1,"featured_media":84923,"comment_status":"closed","ping_status":"open","sticky":false,"template":"","format":"standard","meta":{"footnotes":""},"categories":[53],"tags":[],"class_list":{"0":"post-84922","1":"post","2":"type-post","3":"status-publish","4":"format-standard","5":"has-post-thumbnail","7":"category-salud"},"_links":{"self":[{"href":"https:\/\/jms.com.bo\/mediamonitor\/wp-json\/wp\/v2\/posts\/84922","targetHints":{"allow":["GET"]}}],"collection":[{"href":"https:\/\/jms.com.bo\/mediamonitor\/wp-json\/wp\/v2\/posts"}],"about":[{"href":"https:\/\/jms.com.bo\/mediamonitor\/wp-json\/wp\/v2\/types\/post"}],"author":[{"embeddable":true,"href":"https:\/\/jms.com.bo\/mediamonitor\/wp-json\/wp\/v2\/users\/1"}],"replies":[{"embeddable":true,"href":"https:\/\/jms.com.bo\/mediamonitor\/wp-json\/wp\/v2\/comments?post=84922"}],"version-history":[{"count":0,"href":"https:\/\/jms.com.bo\/mediamonitor\/wp-json\/wp\/v2\/posts\/84922\/revisions"}],"wp:featuredmedia":[{"embeddable":true,"href":"https:\/\/jms.com.bo\/mediamonitor\/wp-json\/wp\/v2\/media\/84923"}],"wp:attachment":[{"href":"https:\/\/jms.com.bo\/mediamonitor\/wp-json\/wp\/v2\/media?parent=84922"}],"wp:term":[{"taxonomy":"category","embeddable":true,"href":"https:\/\/jms.com.bo\/mediamonitor\/wp-json\/wp\/v2\/categories?post=84922"},{"taxonomy":"post_tag","embeddable":true,"href":"https:\/\/jms.com.bo\/mediamonitor\/wp-json\/wp\/v2\/tags?post=84922"}],"curies":[{"name":"wp","href":"https:\/\/api.w.org\/{rel}","templated":true}]}}