{"id":84926,"date":"2026-03-04T07:38:50","date_gmt":"2026-03-04T11:38:50","guid":{"rendered":"https:\/\/mediamonitorbo.com.bo\/?p=18784"},"modified":"2026-03-04T07:38:50","modified_gmt":"2026-03-04T11:38:50","slug":"sequia-afecta-a-cultivos-de-maiz-en-los-valles","status":"publish","type":"post","link":"https:\/\/jms.com.bo\/mediamonitor\/2026\/03\/04\/sequia-afecta-a-cultivos-de-maiz-en-los-valles\/","title":{"rendered":"Sequ\u00eda afecta a cultivos de ma\u00edz en los valles"},"content":{"rendered":"<p style=\"text-align: justify\">La desolaci\u00f3n, desaliento e impotencia amargan a los agricultores de los Valles cruce\u00f1os. Despu\u00e9s de un mes de prolongada sequ\u00eda, tuvieron que rendirse ante la perdida de la siembra de verano, fundamental para la producci\u00f3n del ma\u00edz.<\/p>\n<p style=\"text-align: justify\">Los sembrad\u00edos de ma\u00edz son claves el la base alimentaria de las familias de la regi\u00f3n. Osman Osinaga joven productor de Tucumancillo, que trabaja las tierras que heredo de sus padres, asegur\u00f3 esta ma\u00f1ana que todo estaba perdido. Los maizales comenzaran a secarse y eso conlleva p\u00e9rdidas econ\u00f3micas para las familias de la zona.<\/p>\n<p style=\"text-align: justify\">La siembra, que comenz\u00f3 en diciembre, represent\u00f3 gastos en tractores para preparar la tierra, peones para las labores de carpido, aporque y semillas. La sequ\u00eda equivale a tres meses de trabajo perdidos sin esperanza, manifest\u00f3 a EL DEBER.<\/p>\n<p style=\"text-align: justify\">La prolongada sequ\u00eda, que bordea el mes, afectar\u00e1 las comunidades del municipio del Trigal y Vallegrande. Alrededor de 20 comunidades comienzan a evaluar sus p\u00e9rdidas que rondan el 80 por ciento de sus cultivos de ma\u00edz. Pastor Limon, presidente de la OTB de Quirquincho, expres\u00f3 su pesar por la afectaci\u00f3n de la econom\u00eda de las familias del Valle. Los vecinos reunidos, esperan la ayuda de los gobiernos departamental y nacional.<\/p>\n","protected":false},"excerpt":{"rendered":"<p>La desolaci\u00f3n, desaliento e impotencia amargan a los agricultores de los Valles cruce\u00f1os. Despu\u00e9s de un mes de prolongada sequ\u00eda, tuvieron que rendirse ante la perdida de la siembra de verano, fundamental para la producci\u00f3n del ma\u00edz. Los sembrad\u00edos de ma\u00edz son claves el la base alimentaria de las familias de la regi\u00f3n. Osman Osinaga [&hellip;]<\/p>\n","protected":false},"author":1,"featured_media":84927,"comment_status":"closed","ping_status":"open","sticky":false,"template":"","format":"standard","meta":{"footnotes":""},"categories":[57],"tags":[],"class_list":{"0":"post-84926","1":"post","2":"type-post","3":"status-publish","4":"format-standard","5":"has-post-thumbnail","7":"category-alimentos-y-agroindustria"},"_links":{"self":[{"href":"https:\/\/jms.com.bo\/mediamonitor\/wp-json\/wp\/v2\/posts\/84926","targetHints":{"allow":["GET"]}}],"collection":[{"href":"https:\/\/jms.com.bo\/mediamonitor\/wp-json\/wp\/v2\/posts"}],"about":[{"href":"https:\/\/jms.com.bo\/mediamonitor\/wp-json\/wp\/v2\/types\/post"}],"author":[{"embeddable":true,"href":"https:\/\/jms.com.bo\/mediamonitor\/wp-json\/wp\/v2\/users\/1"}],"replies":[{"embeddable":true,"href":"https:\/\/jms.com.bo\/mediamonitor\/wp-json\/wp\/v2\/comments?post=84926"}],"version-history":[{"count":0,"href":"https:\/\/jms.com.bo\/mediamonitor\/wp-json\/wp\/v2\/posts\/84926\/revisions"}],"wp:featuredmedia":[{"embeddable":true,"href":"https:\/\/jms.com.bo\/mediamonitor\/wp-json\/wp\/v2\/media\/84927"}],"wp:attachment":[{"href":"https:\/\/jms.com.bo\/mediamonitor\/wp-json\/wp\/v2\/media?parent=84926"}],"wp:term":[{"taxonomy":"category","embeddable":true,"href":"https:\/\/jms.com.bo\/mediamonitor\/wp-json\/wp\/v2\/categories?post=84926"},{"taxonomy":"post_tag","embeddable":true,"href":"https:\/\/jms.com.bo\/mediamonitor\/wp-json\/wp\/v2\/tags?post=84926"}],"curies":[{"name":"wp","href":"https:\/\/api.w.org\/{rel}","templated":true}]}}