{"id":84928,"date":"2026-03-04T07:40:48","date_gmt":"2026-03-04T11:40:48","guid":{"rendered":"https:\/\/mediamonitorbo.com.bo\/?p=18787"},"modified":"2026-03-04T07:40:48","modified_gmt":"2026-03-04T11:40:48","slug":"campesinos-alistan-tractorazo-ante-el-abandono-a-este-sector","status":"publish","type":"post","link":"https:\/\/jms.com.bo\/mediamonitor\/2026\/03\/04\/campesinos-alistan-tractorazo-ante-el-abandono-a-este-sector\/","title":{"rendered":"Campesinos alistan \u201ctractorazo\u201d ante el abandono a este sector"},"content":{"rendered":"<p style=\"text-align: justify\">El sector campesino ratific\u00f3 para el pr\u00f3ximo 9 de marzo una movilizaci\u00f3n denominada \u201ctractorazo\u201d, como medida de protesta frente a lo que consideran una desatenci\u00f3n sistem\u00e1tica de las autoridades hacia los productores agr\u00edcolas y pecuarios, en un contexto marcado por los efectos del cambio clim\u00e1tico y la falta de respuestas oportunas de apoyo estatal.<\/p>\n<p style=\"text-align: justify\">El exdirigente campesino Luis Alfaro se\u00f1al\u00f3 que regiones como Yunchar\u00e1, Iscayachi y varias comunidades del valle central han sufrido severos da\u00f1os por granizadas, afectando de manera directa la producci\u00f3n agr\u00edcola. Sin embargo, lament\u00f3 la ausencia de un respaldo de las autoridades.<\/p>\n<p style=\"text-align: justify\">Alfaro afirm\u00f3 que el Gobierno nacional ha relegado las pol\u00edticas de apoyo al sector campesino, pese a que son los productores agropecuarios quienes garantizan la soberan\u00eda alimentaria del pa\u00eds. En esa misma l\u00ednea, cuestion\u00f3 tambi\u00e9n el rol de la Gobernaci\u00f3n y de los gobiernos municipales.<\/p>\n<p style=\"text-align: justify\">Indic\u00f3 que desde la Gobernaci\u00f3n el beneficio del Programa Solidario Comunal (Prosol) se ha ido reduciendo de manera progresiva, mientras que en el caso de la Alcald\u00eda de Cercado denunci\u00f3 que, desde diciembre del a\u00f1o pasado, la gesti\u00f3n municipal se encuentra enfocada en la campa\u00f1a electoral, descuidando tareas b\u00e1sicas como el mantenimiento de caminos rurales.<\/p>\n<p style=\"text-align: justify\">\u201cEl campesino no tiene mucha esperanza de que las elecciones del 22 de marzo le cambien algo. Las autoridades que hoy postulan son las mismas que vienen heredando el poder de sus familias y no conocen la realidad del campo\u201d, expres\u00f3.<\/p>\n<p style=\"text-align: justify\">Cr\u00edticas por insumos y combustible<\/p>\n<p style=\"text-align: justify\">El exdirigente tambi\u00e9n cuestion\u00f3 la falta de controles en la venta de agroinsumos, se\u00f1alando que los precios de abonos y de la urea \u2014pese a ser de producci\u00f3n nacional\u2014 contin\u00faan elevados, encareciendo los costos de producci\u00f3n.<\/p>\n<p style=\"text-align: justify\">A ello se suma el problema del combustible. Alfaro denunci\u00f3 que el di\u00e9sel se paga hasta tres veces m\u00e1s caro, con largas filas y la necesidad de trasladarlo en bidones. En ese marco, pidi\u00f3 al Gobierno nacional la instalaci\u00f3n de surtidores m\u00f3viles con cisternas que puedan abastecer directamente a las comunidades productoras.<\/p>\n<p style=\"text-align: justify\">Alfaro hizo referencia a las cifras mencionadas por el presidente Rodrigo Paz sobre el ahorro diario tras la eliminaci\u00f3n de la subvenci\u00f3n, proponiendo que esos recursos \u2014alrededor de 10 millones de d\u00f3lares\u2014 sean destinados a un plan de emergencia alimentaria que articule a empresarios, campesinos, industriales y el sistema financiero.<\/p>\n<p style=\"text-align: justify\">Asimismo, cuestion\u00f3 las propuestas electorales actuales, se\u00f1alando que se centran en lamentar el despilfarro de la bonanza del gas, sin plantear mecanismos para generar econom\u00eda en el departamento.<\/p>\n<p style=\"text-align: justify\">\u201cTodos hablan de desarrollo y de la juventud, pero no dicen con qu\u00e9. O hablan de cr\u00e9ditos, pero no explican c\u00f3mo generar recursos. Los que s\u00ed sabemos generar plata somos los que producimos e invertimos\u201d, enfatiz\u00f3.<\/p>\n","protected":false},"excerpt":{"rendered":"<p>El sector campesino ratific\u00f3 para el pr\u00f3ximo 9 de marzo una movilizaci\u00f3n denominada \u201ctractorazo\u201d, como medida de protesta frente a lo que consideran una desatenci\u00f3n sistem\u00e1tica de las autoridades hacia los productores agr\u00edcolas y pecuarios, en un contexto marcado por los efectos del cambio clim\u00e1tico y la falta de respuestas oportunas de apoyo estatal. El [&hellip;]<\/p>\n","protected":false},"author":1,"featured_media":84929,"comment_status":"closed","ping_status":"open","sticky":false,"template":"","format":"standard","meta":{"footnotes":""},"categories":[57],"tags":[],"class_list":{"0":"post-84928","1":"post","2":"type-post","3":"status-publish","4":"format-standard","5":"has-post-thumbnail","7":"category-alimentos-y-agroindustria"},"_links":{"self":[{"href":"https:\/\/jms.com.bo\/mediamonitor\/wp-json\/wp\/v2\/posts\/84928","targetHints":{"allow":["GET"]}}],"collection":[{"href":"https:\/\/jms.com.bo\/mediamonitor\/wp-json\/wp\/v2\/posts"}],"about":[{"href":"https:\/\/jms.com.bo\/mediamonitor\/wp-json\/wp\/v2\/types\/post"}],"author":[{"embeddable":true,"href":"https:\/\/jms.com.bo\/mediamonitor\/wp-json\/wp\/v2\/users\/1"}],"replies":[{"embeddable":true,"href":"https:\/\/jms.com.bo\/mediamonitor\/wp-json\/wp\/v2\/comments?post=84928"}],"version-history":[{"count":0,"href":"https:\/\/jms.com.bo\/mediamonitor\/wp-json\/wp\/v2\/posts\/84928\/revisions"}],"wp:featuredmedia":[{"embeddable":true,"href":"https:\/\/jms.com.bo\/mediamonitor\/wp-json\/wp\/v2\/media\/84929"}],"wp:attachment":[{"href":"https:\/\/jms.com.bo\/mediamonitor\/wp-json\/wp\/v2\/media?parent=84928"}],"wp:term":[{"taxonomy":"category","embeddable":true,"href":"https:\/\/jms.com.bo\/mediamonitor\/wp-json\/wp\/v2\/categories?post=84928"},{"taxonomy":"post_tag","embeddable":true,"href":"https:\/\/jms.com.bo\/mediamonitor\/wp-json\/wp\/v2\/tags?post=84928"}],"curies":[{"name":"wp","href":"https:\/\/api.w.org\/{rel}","templated":true}]}}