{"id":84932,"date":"2026-03-04T07:44:36","date_gmt":"2026-03-04T11:44:36","guid":{"rendered":"https:\/\/mediamonitorbo.com.bo\/?p=18793"},"modified":"2026-03-04T07:44:36","modified_gmt":"2026-03-04T11:44:36","slug":"trabajadores-de-salud-de-santa-cruz-anuncian-paro-de-72-horas","status":"publish","type":"post","link":"https:\/\/jms.com.bo\/mediamonitor\/2026\/03\/04\/trabajadores-de-salud-de-santa-cruz-anuncian-paro-de-72-horas\/","title":{"rendered":"Trabajadores de Salud de Santa Cruz anuncian paro de 72 horas"},"content":{"rendered":"<p style=\"text-align: justify\">La Federaci\u00f3n de Trabajadores en Salud de Santa Cruz confirm\u00f3 un paro departamental de 72 horas que se cumplir\u00e1 este mi\u00e9rcoles 4, jueves 5 y viernes 6 de marzo, en los tres niveles de atenci\u00f3n, tanto en la capital cruce\u00f1a como en las provincias.<\/p>\n<p style=\"text-align: justify\">Seg\u00fan el pronunciamiento del sector, la medida fue asumida debido al incumplimiento en la cancelaci\u00f3n del sueldo correspondiente al mes de enero que debi\u00f3 cancelarse hasta el d\u00eda 10 de febrero, tal como establecen acuerdos previos. Los dirigentes se\u00f1alaron que la falta de pago oportuno permiti\u00f3 asumir esta determinaci\u00f3n.<\/p>\n<p style=\"text-align: justify\">Advertencia de huelga<\/p>\n<p style=\"text-align: justify\">El sector advirti\u00f3 que, de no existir respuestas concretas por parte de las autoridades, la protesta podr\u00eda escalar a una huelga de hambre indefinida.<\/p>\n<p style=\"text-align: justify\">Entre las principales demandas dirigidas al Gobierno Municipal de Santa Cruz se encuentran el pago inmediato de sueldos adeudados, la reincorporaci\u00f3n del personal despedido, la reposici\u00f3n de contratos e \u00edtems municipales y la regularizaci\u00f3n de subsidios pendientes desde marzo del a\u00f1o pasado.<\/p>\n<p style=\"text-align: justify\">A la Gobernaci\u00f3n de Santa Cruz le exigen garantizar la continuidad laboral del personal a contrato, atender el pliego petitorio vinculado a salud ambiental y vectores, y restablecer la atenci\u00f3n en el Sinec.<\/p>\n<p style=\"text-align: justify\">En tanto, a la Alcald\u00eda de San Ignacio de Velasco demandan solucionar la falta de ambulancias en el hospital municipal y asegurar estabilidad laboral para los trabajadores contratados.<\/p>\n<p style=\"text-align: justify\">Los trabajadores anticiparon que mantendr\u00e1n la medida mientras no se cumplan los compromisos asumidos, en un contexto que podr\u00eda afectar la atenci\u00f3n en centros de salud y hospitales del departamento.<\/p>\n<p style=\"text-align: justify\">Personal enfermo<\/p>\n<p style=\"text-align: justify\">Robert Hurtado, dirigente de este sector, inform\u00f3 que hay muchos trabajadores en salud con s\u00edntomas de chikungu\u00f1a y no puede ser atendidos en la Caja Nacional de Salud por falta de pago de los aportes correspondientes.<\/p>\n","protected":false},"excerpt":{"rendered":"<p>La Federaci\u00f3n de Trabajadores en Salud de Santa Cruz confirm\u00f3 un paro departamental de 72 horas que se cumplir\u00e1 este mi\u00e9rcoles 4, jueves 5 y viernes 6 de marzo, en los tres niveles de atenci\u00f3n, tanto en la capital cruce\u00f1a como en las provincias. Seg\u00fan el pronunciamiento del sector, la medida fue asumida debido al [&hellip;]<\/p>\n","protected":false},"author":1,"featured_media":84933,"comment_status":"closed","ping_status":"open","sticky":false,"template":"","format":"standard","meta":{"footnotes":""},"categories":[49],"tags":[],"class_list":{"0":"post-84932","1":"post","2":"type-post","3":"status-publish","4":"format-standard","5":"has-post-thumbnail","7":"category-social"},"_links":{"self":[{"href":"https:\/\/jms.com.bo\/mediamonitor\/wp-json\/wp\/v2\/posts\/84932","targetHints":{"allow":["GET"]}}],"collection":[{"href":"https:\/\/jms.com.bo\/mediamonitor\/wp-json\/wp\/v2\/posts"}],"about":[{"href":"https:\/\/jms.com.bo\/mediamonitor\/wp-json\/wp\/v2\/types\/post"}],"author":[{"embeddable":true,"href":"https:\/\/jms.com.bo\/mediamonitor\/wp-json\/wp\/v2\/users\/1"}],"replies":[{"embeddable":true,"href":"https:\/\/jms.com.bo\/mediamonitor\/wp-json\/wp\/v2\/comments?post=84932"}],"version-history":[{"count":0,"href":"https:\/\/jms.com.bo\/mediamonitor\/wp-json\/wp\/v2\/posts\/84932\/revisions"}],"wp:featuredmedia":[{"embeddable":true,"href":"https:\/\/jms.com.bo\/mediamonitor\/wp-json\/wp\/v2\/media\/84933"}],"wp:attachment":[{"href":"https:\/\/jms.com.bo\/mediamonitor\/wp-json\/wp\/v2\/media?parent=84932"}],"wp:term":[{"taxonomy":"category","embeddable":true,"href":"https:\/\/jms.com.bo\/mediamonitor\/wp-json\/wp\/v2\/categories?post=84932"},{"taxonomy":"post_tag","embeddable":true,"href":"https:\/\/jms.com.bo\/mediamonitor\/wp-json\/wp\/v2\/tags?post=84932"}],"curies":[{"name":"wp","href":"https:\/\/api.w.org\/{rel}","templated":true}]}}