{"id":84940,"date":"2026-03-04T07:55:51","date_gmt":"2026-03-04T11:55:51","guid":{"rendered":"https:\/\/mediamonitorbo.com.bo\/?p=18806"},"modified":"2026-03-04T07:56:08","modified_gmt":"2026-03-04T11:56:08","slug":"tras-nueva-polemica-camacho-se-aparta-del-consejo-de-autonomias-mientras-barrientos-siga-de-viceministra","status":"publish","type":"post","link":"https:\/\/jms.com.bo\/mediamonitor\/2026\/03\/04\/tras-nueva-polemica-camacho-se-aparta-del-consejo-de-autonomias-mientras-barrientos-siga-de-viceministra\/","title":{"rendered":"Tras nueva pol\u00e9mica, Camacho se aparta del Consejo de Autonom\u00edas mientras Barrientos siga de viceministra"},"content":{"rendered":"<p style=\"text-align: justify\">El gobernador de Santa Cruz, Luis Fernando Camacho, anunci\u00f3 que la Gobernaci\u00f3n no asistir\u00e1 a las reuniones del Consejo Nacional de Autonom\u00edas mientras Andrea Barrientos contin\u00fae como viceministra de Autonom\u00edas.<\/p>\n<p style=\"text-align: justify\">La decisi\u00f3n se produce tras una nueva controversia por la aplicaci\u00f3n del 50\/50, cuyo inicio de la fase t\u00e9cnica fue anunciado el lunes por el presidente Rodrigo Paz desde Santa Cruz.<\/p>\n<p style=\"text-align: justify\">Camacho cuestion\u00f3 que, un d\u00eda despu\u00e9s, la viceministra se\u00f1alara que el proceso podr\u00eda tardar incluso hasta 10 a\u00f1os. \u201cCon total irresponsabilidad, contradice esta gesti\u00f3n\u201d, sostuvo.<\/p>\n<p style=\"text-align: justify\">A\u00f1adi\u00f3 que las declaraciones \u201cconfirman\u201d una posici\u00f3n \u201cclaramente centralista y contraria a la agenda cruce\u00f1a\u201d, por lo que \u2014seg\u00fan dijo\u2014 \u201ccarece de la idoneidad necesaria para dirigir el Viceministerio de Autonom\u00edas\u201d.<\/p>\n<p style=\"text-align: justify\">En ese sentido, advirti\u00f3 que mientras permanezca en el cargo no participar\u00e1n del Consejo.<\/p>\n<p style=\"text-align: justify\">El anuncio surge luego que la viceministra Andrea Barrientos indic\u00f3 que no se deben fijar plazos acelerados y que el proceso del 50\/50 puede durar \u201cdos, tres d\u00edas, cinco semanas, 10 a\u00f1os\u201d, aunque afirm\u00f3 que se buscar\u00e1 que sea \u201ccorto y efectivo\u201d.<\/p>\n<p style=\"text-align: justify\">Ante ello, el senador Leonardo Roca critic\u00f3 que la medida ahora est\u00e9 condicionada y advirti\u00f3 que el 50\/50 no puede convertirse en una \u201cexcusa eterna\u201d.<\/p>\n<p style=\"text-align: justify\">En la misma l\u00ednea, la candidata a asamble\u00edsta Mar\u00eda Ren\u00e9 \u00c1lvarez sostuvo que \u201cautonom\u00eda no es sometimiento\u201d y lament\u00f3 que Barrientos contin\u00fae en el cargo.<\/p>\n<p style=\"text-align: justify\">El conflicto no es nuevo. En febrero, el Comit\u00e9 pro Santa Cruz declar\u00f3 \u201cpersona no grata\u201d a Barrientos y exigi\u00f3 el cierre definitivo del Viceministerio de Autonom\u00edas, al considerar que sus declaraciones sobre el 50\/50 reflejan un modelo centralista.<\/p>\n<p style=\"text-align: justify\">En su pronunciamiento, cuestion\u00f3 que la entidad \u201cno haya logrado un solo avance real en competencias o recursos\u201d y la calific\u00f3 como una \u201coficina de control pol\u00edtico y gasto innecesario\u201d.<\/p>\n","protected":false},"excerpt":{"rendered":"<p>El gobernador de Santa Cruz, Luis Fernando Camacho, anunci\u00f3 que la Gobernaci\u00f3n no asistir\u00e1 a las reuniones del Consejo Nacional de Autonom\u00edas mientras Andrea Barrientos contin\u00fae como viceministra de Autonom\u00edas. La decisi\u00f3n se produce tras una nueva controversia por la aplicaci\u00f3n del 50\/50, cuyo inicio de la fase t\u00e9cnica fue anunciado el lunes por el [&hellip;]<\/p>\n","protected":false},"author":1,"featured_media":84941,"comment_status":"closed","ping_status":"open","sticky":false,"template":"","format":"standard","meta":{"footnotes":""},"categories":[18],"tags":[],"class_list":{"0":"post-84940","1":"post","2":"type-post","3":"status-publish","4":"format-standard","5":"has-post-thumbnail","7":"category-politica"},"_links":{"self":[{"href":"https:\/\/jms.com.bo\/mediamonitor\/wp-json\/wp\/v2\/posts\/84940","targetHints":{"allow":["GET"]}}],"collection":[{"href":"https:\/\/jms.com.bo\/mediamonitor\/wp-json\/wp\/v2\/posts"}],"about":[{"href":"https:\/\/jms.com.bo\/mediamonitor\/wp-json\/wp\/v2\/types\/post"}],"author":[{"embeddable":true,"href":"https:\/\/jms.com.bo\/mediamonitor\/wp-json\/wp\/v2\/users\/1"}],"replies":[{"embeddable":true,"href":"https:\/\/jms.com.bo\/mediamonitor\/wp-json\/wp\/v2\/comments?post=84940"}],"version-history":[{"count":1,"href":"https:\/\/jms.com.bo\/mediamonitor\/wp-json\/wp\/v2\/posts\/84940\/revisions"}],"predecessor-version":[{"id":84942,"href":"https:\/\/jms.com.bo\/mediamonitor\/wp-json\/wp\/v2\/posts\/84940\/revisions\/84942"}],"wp:featuredmedia":[{"embeddable":true,"href":"https:\/\/jms.com.bo\/mediamonitor\/wp-json\/wp\/v2\/media\/84941"}],"wp:attachment":[{"href":"https:\/\/jms.com.bo\/mediamonitor\/wp-json\/wp\/v2\/media?parent=84940"}],"wp:term":[{"taxonomy":"category","embeddable":true,"href":"https:\/\/jms.com.bo\/mediamonitor\/wp-json\/wp\/v2\/categories?post=84940"},{"taxonomy":"post_tag","embeddable":true,"href":"https:\/\/jms.com.bo\/mediamonitor\/wp-json\/wp\/v2\/tags?post=84940"}],"curies":[{"name":"wp","href":"https:\/\/api.w.org\/{rel}","templated":true}]}}