{"id":84943,"date":"2026-03-04T07:58:16","date_gmt":"2026-03-04T11:58:16","guid":{"rendered":"https:\/\/mediamonitorbo.com.bo\/?p=18809"},"modified":"2026-03-04T07:58:47","modified_gmt":"2026-03-04T11:58:47","slug":"senado-preve-debatir-este-miercoles-proyecto-de-recorte-salarial-a-altas-autoridades","status":"publish","type":"post","link":"https:\/\/jms.com.bo\/mediamonitor\/2026\/03\/04\/senado-preve-debatir-este-miercoles-proyecto-de-recorte-salarial-a-altas-autoridades\/","title":{"rendered":"Senado prev\u00e9 debatir este mi\u00e9rcoles proyecto de recorte salarial a altas autoridades"},"content":{"rendered":"<p style=\"text-align: justify\">El senador Wilder Veliz (PDC) inform\u00f3 este martes que el pleno de la C\u00e1mara de Senadores prev\u00e9 debatir este mi\u00e9rcoles el proyecto de ley que plantea un recorte salarial a altas autoridades del Estado, entre ellas legisladores y ministros.<\/p>\n<p style=\"text-align: justify\">La iniciativa busca ajustar el gasto p\u00fablico en los niveles jer\u00e1rquicos y forma parte de un paquete de medidas orientadas a la austeridad y la optimizaci\u00f3n de recursos fiscales.<\/p>\n<p style=\"text-align: justify\">Seg\u00fan Veliz, una vez vencido el plazo establecido en el art\u00edculo 129 del Reglamento de la C\u00e1mara de Senadores, el proyecto qued\u00f3 habilitado para su tratamiento en el pleno. No obstante, precis\u00f3 que la presidenta de la comisi\u00f3n solicit\u00f3 una pr\u00f3rroga de 15 d\u00edas, plazo que ya feneci\u00f3.<\/p>\n<p style=\"text-align: justify\">\u201cEstamos a la espera de que en la pr\u00f3xima sesi\u00f3n se remita el informe de comisi\u00f3n para que este proyecto de ley sea tratado en la C\u00e1mara de Senadores\u201d, se\u00f1al\u00f3.<\/p>\n<p style=\"text-align: justify\">Agreg\u00f3 que la propuesta contempla la reducci\u00f3n del 50% de los sueldos de todas las autoridades electas, incluidos ministros y autoridades subnacionales, adem\u00e1s de un recorte del 30% del personal en todo el aparato estatal.<\/p>\n<p style=\"text-align: justify\">\u201cEstamos cumpliendo con todos los procedimientos establecidos por la normativa y, una vez que el informe sea remitido al pleno, discutiremos y trataremos este proyecto de ley\u201d, afirm\u00f3.<\/p>\n<p style=\"text-align: justify\">Consultado sobre el respaldo de sus colegas, Veliz indic\u00f3 que existen asamble\u00edstas que discrepan con la iniciativa y no comparten la idea de que las autoridades deban \u201csufrir esta crisis\u201d junto al pueblo; sin embargo, asegur\u00f3 que varios senadores se han adherido a la propuesta.<\/p>\n<p style=\"text-align: justify\">\u201cHay varios senadores que se han sumado e incluso algunos est\u00e1n exigiendo un refer\u00e9ndum\u201d, sostuvo.<\/p>\n<p style=\"text-align: justify\">Veliz se\u00f1al\u00f3 que, independientemente de que el proyecto sea aprobado o rechazado, continuar\u00e1 impulsando la iniciativa que present\u00f3.<\/p>\n","protected":false},"excerpt":{"rendered":"<p>El senador Wilder Veliz (PDC) inform\u00f3 este martes que el pleno de la C\u00e1mara de Senadores prev\u00e9 debatir este mi\u00e9rcoles el proyecto de ley que plantea un recorte salarial a altas autoridades del Estado, entre ellas legisladores y ministros. La iniciativa busca ajustar el gasto p\u00fablico en los niveles jer\u00e1rquicos y forma parte de un [&hellip;]<\/p>\n","protected":false},"author":1,"featured_media":84944,"comment_status":"closed","ping_status":"open","sticky":false,"template":"","format":"standard","meta":{"footnotes":""},"categories":[18],"tags":[],"class_list":{"0":"post-84943","1":"post","2":"type-post","3":"status-publish","4":"format-standard","5":"has-post-thumbnail","7":"category-politica"},"_links":{"self":[{"href":"https:\/\/jms.com.bo\/mediamonitor\/wp-json\/wp\/v2\/posts\/84943","targetHints":{"allow":["GET"]}}],"collection":[{"href":"https:\/\/jms.com.bo\/mediamonitor\/wp-json\/wp\/v2\/posts"}],"about":[{"href":"https:\/\/jms.com.bo\/mediamonitor\/wp-json\/wp\/v2\/types\/post"}],"author":[{"embeddable":true,"href":"https:\/\/jms.com.bo\/mediamonitor\/wp-json\/wp\/v2\/users\/1"}],"replies":[{"embeddable":true,"href":"https:\/\/jms.com.bo\/mediamonitor\/wp-json\/wp\/v2\/comments?post=84943"}],"version-history":[{"count":1,"href":"https:\/\/jms.com.bo\/mediamonitor\/wp-json\/wp\/v2\/posts\/84943\/revisions"}],"predecessor-version":[{"id":84945,"href":"https:\/\/jms.com.bo\/mediamonitor\/wp-json\/wp\/v2\/posts\/84943\/revisions\/84945"}],"wp:featuredmedia":[{"embeddable":true,"href":"https:\/\/jms.com.bo\/mediamonitor\/wp-json\/wp\/v2\/media\/84944"}],"wp:attachment":[{"href":"https:\/\/jms.com.bo\/mediamonitor\/wp-json\/wp\/v2\/media?parent=84943"}],"wp:term":[{"taxonomy":"category","embeddable":true,"href":"https:\/\/jms.com.bo\/mediamonitor\/wp-json\/wp\/v2\/categories?post=84943"},{"taxonomy":"post_tag","embeddable":true,"href":"https:\/\/jms.com.bo\/mediamonitor\/wp-json\/wp\/v2\/tags?post=84943"}],"curies":[{"name":"wp","href":"https:\/\/api.w.org\/{rel}","templated":true}]}}