{"id":84956,"date":"2026-03-04T08:06:05","date_gmt":"2026-03-04T12:06:05","guid":{"rendered":"https:\/\/mediamonitorbo.com.bo\/?p=18828"},"modified":"2026-03-04T08:06:05","modified_gmt":"2026-03-04T12:06:05","slug":"tarija-setar-confirma-que-ya-no-pierden-dinero-y-reclama-130-millones-por-deudas-de-alumbrado-publico","status":"publish","type":"post","link":"https:\/\/jms.com.bo\/mediamonitor\/2026\/03\/04\/tarija-setar-confirma-que-ya-no-pierden-dinero-y-reclama-130-millones-por-deudas-de-alumbrado-publico\/","title":{"rendered":"Tarija: Setar confirma que ya no pierden dinero y reclama 130 millones por deudas de alumbrado p\u00fablico"},"content":{"rendered":"<p style=\"text-align: justify\">En el marco de las normas legales establecidas, el gerente de Setar, Marco L\u00f3pez, inform\u00f3 que la empresa realizar\u00e1 la presentaci\u00f3n de sus objetivos de gesti\u00f3n y de las decisiones institucionales asumidas tras un diagn\u00f3stico interno. Explic\u00f3 que tambi\u00e9n se expondr\u00e1n los resultados de gesti\u00f3n y logros alcanzados, todo conforme a la normativa vigente.<\/p>\n<p style=\"text-align: justify\">En el \u00e1mbito financiero, L\u00f3pez destac\u00f3 que la empresa logr\u00f3 revertir una d\u00e9cada de p\u00e9rdidas. \u201cDespu\u00e9s de que la empresa perd\u00eda 15 millones por a\u00f1o, los \u00faltimos 10 a\u00f1os, a partir ya de la gesti\u00f3n 2022, la empresa deja de tener p\u00e9rdidas\u201d, afirm\u00f3. Se\u00f1al\u00f3 que actualmente existen cifras positivas y resultados con utilidad, detallando que en la gesti\u00f3n 2024 se registraron 13 millones y en la gesti\u00f3n 2025 se alcanzaron 10 millones.<\/p>\n<p style=\"text-align: justify\">Asimismo, indic\u00f3 que otro resultado importante es la interconexi\u00f3n plena al sistema interconectado nacional, lo que permite brindar mayor confiabilidad y calidad del servicio, calificando a todos los usuarios y atendiendo las demandas de los diferentes sectores y categor\u00edas industriales y comerciales.<\/p>\n<p style=\"text-align: justify\">En cuanto a expansi\u00f3n del servicio, manifest\u00f3 que se elaboraron proyectos de electrificaci\u00f3n para el \u00e1rea rural, los cuales fueron presentados al Ministerio de Energ\u00eda para que posteriormente sean solicitados a trav\u00e9s de ENDE. Expres\u00f3 que se espera que en abril se ejecuten los proyectos, resaltando que existe una inversi\u00f3n importante con la meta de alcanzar un 98% de cobertura.<\/p>\n<p style=\"text-align: justify\">Sobre las deudas municipales, explic\u00f3 que las obligaciones por concepto de alumbrado p\u00fablico est\u00e1n judicializadas. Se\u00f1al\u00f3 que las demandas ya fueron admitidas y que los gobiernos municipales presentaron sus descargos, por lo que ahora se aguarda que los jueces establezcan sentencia dentro de los plazos correspondientes. Indic\u00f3 que la demanda ronda los 120 millones, con la expectativa de recuperar parte de esos recursos, aunque no se descarta una conciliaci\u00f3n.<\/p>\n<p style=\"text-align: justify\">Posteriormente precis\u00f3 que las demandas contra los municipios alcanzan aproximadamente 130 millones por alumbrado p\u00fablico, mientras que otras deudas est\u00e1n ingresando a planes de pago en proceso pac\u00edfico. Entre los municipios con mayores obligaciones mencion\u00f3 a Villa Montes, Carapar\u00ed y San Lorenzo.<\/p>\n<p style=\"text-align: justify\">Finalmente, ante la consulta sobre el estudio del bono tarifario, qued\u00f3 planteada la interrogante sobre c\u00f3mo se est\u00e1 trabajando para resolver esta cuesti\u00f3n.<\/p>\n","protected":false},"excerpt":{"rendered":"<p>En el marco de las normas legales establecidas, el gerente de Setar, Marco L\u00f3pez, inform\u00f3 que la empresa realizar\u00e1 la presentaci\u00f3n de sus objetivos de gesti\u00f3n y de las decisiones institucionales asumidas tras un diagn\u00f3stico interno. Explic\u00f3 que tambi\u00e9n se expondr\u00e1n los resultados de gesti\u00f3n y logros alcanzados, todo conforme a la normativa vigente. En [&hellip;]<\/p>\n","protected":false},"author":1,"featured_media":84957,"comment_status":"closed","ping_status":"open","sticky":false,"template":"","format":"standard","meta":{"footnotes":""},"categories":[39,44,48],"tags":[],"class_list":{"0":"post-84956","1":"post","2":"type-post","3":"status-publish","4":"format-standard","5":"has-post-thumbnail","7":"category-energia","8":"category-portada-energia","9":"category-portada-general-sitio"},"_links":{"self":[{"href":"https:\/\/jms.com.bo\/mediamonitor\/wp-json\/wp\/v2\/posts\/84956","targetHints":{"allow":["GET"]}}],"collection":[{"href":"https:\/\/jms.com.bo\/mediamonitor\/wp-json\/wp\/v2\/posts"}],"about":[{"href":"https:\/\/jms.com.bo\/mediamonitor\/wp-json\/wp\/v2\/types\/post"}],"author":[{"embeddable":true,"href":"https:\/\/jms.com.bo\/mediamonitor\/wp-json\/wp\/v2\/users\/1"}],"replies":[{"embeddable":true,"href":"https:\/\/jms.com.bo\/mediamonitor\/wp-json\/wp\/v2\/comments?post=84956"}],"version-history":[{"count":0,"href":"https:\/\/jms.com.bo\/mediamonitor\/wp-json\/wp\/v2\/posts\/84956\/revisions"}],"wp:featuredmedia":[{"embeddable":true,"href":"https:\/\/jms.com.bo\/mediamonitor\/wp-json\/wp\/v2\/media\/84957"}],"wp:attachment":[{"href":"https:\/\/jms.com.bo\/mediamonitor\/wp-json\/wp\/v2\/media?parent=84956"}],"wp:term":[{"taxonomy":"category","embeddable":true,"href":"https:\/\/jms.com.bo\/mediamonitor\/wp-json\/wp\/v2\/categories?post=84956"},{"taxonomy":"post_tag","embeddable":true,"href":"https:\/\/jms.com.bo\/mediamonitor\/wp-json\/wp\/v2\/tags?post=84956"}],"curies":[{"name":"wp","href":"https:\/\/api.w.org\/{rel}","templated":true}]}}