{"id":84964,"date":"2026-03-04T08:12:09","date_gmt":"2026-03-04T12:12:09","guid":{"rendered":"https:\/\/mediamonitorbo.com.bo\/?p=18839"},"modified":"2026-03-04T08:12:09","modified_gmt":"2026-03-04T12:12:09","slug":"fijan-la-inspeccion-al-pozo-dmo-x-3-que-definira-el-futuro-de-tariquia","status":"publish","type":"post","link":"https:\/\/jms.com.bo\/mediamonitor\/2026\/03\/04\/fijan-la-inspeccion-al-pozo-dmo-x-3-que-definira-el-futuro-de-tariquia\/","title":{"rendered":"Fijan la inspecci\u00f3n al pozo DMO X-3 que definir\u00e1 el futuro de Tariqu\u00eda"},"content":{"rendered":"<p style=\"text-align: justify\">La denominada pausa ambiental que fren\u00f3 la exploraci\u00f3n hidrocarbur\u00edfera en las puertas de la Reserva Nacional de Flora y Fauna Tariqu\u00eda comienza a diluirse. El Juzgado Agroambiental de Entre R\u00edos reprogram\u00f3 las audiencias del proceso para la segunda quincena de marzo, reactivando un conflicto que mantiene en alerta a comunidades, activistas y autoridades, en medio de serios cuestionamientos por una presunta alteraci\u00f3n de las coordenadas que delimitan el \u00e1rea protegida.<\/p>\n<p style=\"text-align: justify\">La primera de estas actuaciones ser\u00e1 la inspecci\u00f3n judicial al pozo Domo Oso X-3 (DMO X-3), prevista para el lunes 16 de marzo, un hito que podr\u00eda marcar el rumbo definitivo de uno de los conflictos socioambientales m\u00e1s sensibles del sur del pa\u00eds.<\/p>\n<p style=\"text-align: justify\">Un cronograma y el futuro de la reserva<\/p>\n<p style=\"text-align: justify\">El juez agroambiental emiti\u00f3 un nuevo auto luego de admitir, en enero, la solicitud de medidas cautelares presentada por la Defensor\u00eda del Pueblo. El documento establece dos momentos centrales.<\/p>\n<p style=\"text-align: justify\">El primero, la inspecci\u00f3n t\u00e9cnica fijada para el lunes 16 de marzo a las 09:00, en el ingreso al camino del pozo Domo Oso X-3, en el Cant\u00f3n Chiquiac\u00e1, con el objetivo de verificar in situ las condiciones del \u00e1rea y la ubicaci\u00f3n real del proyecto.<\/p>\n<p style=\"text-align: justify\">El segundo, la audiencia p\u00fablica, prevista para el martes 24 de marzo, a las 09:00, en la Casa de Justicia de Entre R\u00edos, donde las partes procesales, comunidades y organizaciones expondr\u00e1n sus argumentos.<\/p>\n<p style=\"text-align: justify\">El Gobierno y el operador del proyecto Petrobras Bolivia, sostienen que el pozo DMO X-3 se encuentra fuera de la Reserva Nacional de Flora y Fauna Tariqu\u00eda y que cumple con la normativa ambiental vigente. No obstante, defensores ambientales y comunarios advierten que este proyecto podr\u00eda abrir la puerta a una exploraci\u00f3n m\u00e1s profunda, incluso en \u00e1reas sensibles vinculadas a los pozos Domo Oso X-1 y X-2.<\/p>\n<p style=\"text-align: justify\">El fin de la pausa y el escepticismo<\/p>\n<p style=\"text-align: justify\">La medida cautelar dispuso la paralizaci\u00f3n temporal del proyecto por 30 d\u00edas desde el 16 de enero, tiempo en el que se recopil\u00f3 informaci\u00f3n t\u00e9cnica y social. Con esos insumos, el juzgado consider\u00f3 que no era \u201crazonable ni proporcional\u201d ampliar la pausa, rechazando el pedido de la Defensor\u00eda para extenderla por un mes adicional.<\/p>\n<p style=\"text-align: justify\">Esta decisi\u00f3n profundiz\u00f3 el escepticismo entre las organizaciones que defienden Tariqu\u00eda. Desde estos sectores se denuncia una \u201cviolencia estructural y sistem\u00e1tica\u201d contra quienes protegen el territorio, incluyendo procesos penales que \u2014aseguran\u2014 buscan criminalizar la protesta social.<\/p>\n<p style=\"text-align: justify\">Cambios de hitos y pedidos de auditor\u00eda<\/p>\n<p style=\"text-align: justify\">El presidente del Colegio de Abogados de Tarija, Fernando Valverde, afirm\u00f3 en declaraciones a Unitel que se han detectado cambios en los hitos de la reserva para facilitar el ingreso de las petroleras, lo que calific\u00f3 como presuntamente ilegal. En ese marco, plante\u00f3 la necesidad de una auditor\u00eda ambiental por parte de la Contralor\u00eda General del Estado.<\/p>\n<p style=\"text-align: justify\">Valverde sostuvo que dicha auditor\u00eda permitir\u00eda establecer si hubo una modificaci\u00f3n correcta del plan de manejo de la reserva y aclarar c\u00f3mo se obtuvieron las autorizaciones, tomando en cuenta que muchas comunidades desconocen el procedimiento y, en su mayor\u00eda, rechazan la actividad petrolera. Incluso puso en duda la validez de algunas firmas recogidas, se\u00f1alando que habr\u00edan sido obtenidas bajo el argumento de simples listas de asistencia.<\/p>\n<p style=\"text-align: justify\">En la misma l\u00ednea, la senadora tarije\u00f1a Marcela Guerrero inform\u00f3 que solicit\u00f3 formalmente a la Contralor\u00eda, a trav\u00e9s de su titular Nora Mamani Cabrera, la realizaci\u00f3n de dos auditor\u00edas: una ambiental sobre las modificaciones al plan de manejo de Tariqu\u00eda y otra sobre el proceso de consulta p\u00fablica y la categorizaci\u00f3n del impacto ambiental.<\/p>\n<p style=\"text-align: justify\">Guerrero denunci\u00f3 que entre el plan de manejo aprobado en 2004 y su modificaci\u00f3n en 2014 se habr\u00edan adulterado zonas internas de la reserva para permitir la actividad de Petrobras.<\/p>\n<p style=\"text-align: justify\">Cr\u00edticas a la clase pol\u00edtica<\/p>\n<p style=\"text-align: justify\">El activista ambiental Jos\u00e9 Humacata cuestion\u00f3 la falta de una defensa firme de Tariqu\u00eda por parte de las autoridades tarije\u00f1as, atribuy\u00e9ndola a la devoluci\u00f3n de \u201cfavores pol\u00edticos\u201d. Lament\u00f3 que el tema se maneje desde una l\u00f3gica pol\u00edtica y no t\u00e9cnica, sin ponderar el impacto ambiental que podr\u00eda tener la exploraci\u00f3n en una zona considerada la \u201cf\u00e1brica de agua\u201d del sur boliviano.<\/p>\n<p style=\"text-align: justify\">El conflicto, sin embargo, no es unidireccional. Mientras sectores sociales y c\u00edvicos exigen auditor\u00edas y la salida de Petrobras, organizaciones sindicales, algunas autoridades y los profesionales en hidrocarburos presionan para que el Gobierno impulse la perforaci\u00f3n exploratoria como una salida a la crisis energ\u00e9tica y a la ca\u00edda de las reservas de gas.<\/p>\n<p style=\"text-align: justify\">Desde el nivel central, el viceministro Caleb Montes hab\u00eda se\u00f1alado el mes pasado, que \u201cTariqu\u00eda no se toca\u201d y asegur\u00f3 que el pozo se encuentra a 1,5 kil\u00f3metros del l\u00edmite de la reserva, defendiendo la inversi\u00f3n y las potenciales regal\u00edas para Tarija.<\/p>\n<p style=\"text-align: justify\">Un fallo que marcar\u00e1 un antes y un despu\u00e9s<\/p>\n<p style=\"text-align: justify\">Con las audiencias de marzo, el Juzgado Agroambiental se encamina a resolver el fondo del proceso. El fallo definitivo, sustentado en la inspecci\u00f3n t\u00e9cnica y los alegatos de las partes, definir\u00e1 si la pausa ambiental se transforma en un freno definitivo o si se habilita la continuidad de las operaciones petroleras en el \u00e1rea.<\/p>\n<p style=\"text-align: justify\">Hasta entonces, Tariqu\u00eda contin\u00faa siendo un territorio en disputa, donde el desarrollo energ\u00e9tico, la legalidad ambiental y la defensa de una de las principales fuentes de agua del sur del pa\u00eds chocan en un escenario de alta tensi\u00f3n e incertidumbre.<\/p>\n","protected":false},"excerpt":{"rendered":"<p>La denominada pausa ambiental que fren\u00f3 la exploraci\u00f3n hidrocarbur\u00edfera en las puertas de la Reserva Nacional de Flora y Fauna Tariqu\u00eda comienza a diluirse. El Juzgado Agroambiental de Entre R\u00edos reprogram\u00f3 las audiencias del proceso para la segunda quincena de marzo, reactivando un conflicto que mantiene en alerta a comunidades, activistas y autoridades, en medio [&hellip;]<\/p>\n","protected":false},"author":1,"featured_media":84965,"comment_status":"closed","ping_status":"open","sticky":false,"template":"","format":"standard","meta":{"footnotes":""},"categories":[40,23,48,43],"tags":[],"class_list":{"0":"post-84964","1":"post","2":"type-post","3":"status-publish","4":"format-standard","5":"has-post-thumbnail","7":"category-bolivia","8":"category-hidrocarburos","9":"category-portada-general-sitio","10":"category-portada-oil-gas"},"_links":{"self":[{"href":"https:\/\/jms.com.bo\/mediamonitor\/wp-json\/wp\/v2\/posts\/84964","targetHints":{"allow":["GET"]}}],"collection":[{"href":"https:\/\/jms.com.bo\/mediamonitor\/wp-json\/wp\/v2\/posts"}],"about":[{"href":"https:\/\/jms.com.bo\/mediamonitor\/wp-json\/wp\/v2\/types\/post"}],"author":[{"embeddable":true,"href":"https:\/\/jms.com.bo\/mediamonitor\/wp-json\/wp\/v2\/users\/1"}],"replies":[{"embeddable":true,"href":"https:\/\/jms.com.bo\/mediamonitor\/wp-json\/wp\/v2\/comments?post=84964"}],"version-history":[{"count":0,"href":"https:\/\/jms.com.bo\/mediamonitor\/wp-json\/wp\/v2\/posts\/84964\/revisions"}],"wp:featuredmedia":[{"embeddable":true,"href":"https:\/\/jms.com.bo\/mediamonitor\/wp-json\/wp\/v2\/media\/84965"}],"wp:attachment":[{"href":"https:\/\/jms.com.bo\/mediamonitor\/wp-json\/wp\/v2\/media?parent=84964"}],"wp:term":[{"taxonomy":"category","embeddable":true,"href":"https:\/\/jms.com.bo\/mediamonitor\/wp-json\/wp\/v2\/categories?post=84964"},{"taxonomy":"post_tag","embeddable":true,"href":"https:\/\/jms.com.bo\/mediamonitor\/wp-json\/wp\/v2\/tags?post=84964"}],"curies":[{"name":"wp","href":"https:\/\/api.w.org\/{rel}","templated":true}]}}