{"id":84968,"date":"2026-03-05T07:37:54","date_gmt":"2026-03-05T11:37:54","guid":{"rendered":"https:\/\/mediamonitorbo.com.bo\/?p=18848"},"modified":"2026-03-05T07:37:54","modified_gmt":"2026-03-05T11:37:54","slug":"santa-cruz-disminuyen-los-internados-por-chikunguna-y-convocan-a-minga-de-limpieza","status":"publish","type":"post","link":"https:\/\/jms.com.bo\/mediamonitor\/2026\/03\/05\/santa-cruz-disminuyen-los-internados-por-chikunguna-y-convocan-a-minga-de-limpieza\/","title":{"rendered":"Santa Cruz: Disminuyen los internados por chikungu\u00f1a y convocan a minga de limpieza"},"content":{"rendered":"<p style=\"text-align: justify\">El jefe de Epidemiolog\u00eda del Servicio Departamental de Salud (Sedes), Carlos Hurtado, inform\u00f3 que los casos de chikungu\u00f1a en el departamento de Santa Cruz de la Sierra ascienden a 4.385, con cinco fallecidos reportados hasta este mi\u00e9rcoles.<\/p>\n<p style=\"text-align: justify\">La autoridad destac\u00f3 que, pese al n\u00famero de contagios, se registr\u00f3 una disminuci\u00f3n en la cantidad de pacientes internados, que baj\u00f3 de 40 a 36, como resultado del trabajo desplegado por los equipos de salud.<\/p>\n<p style=\"text-align: justify\">Ante esta situaci\u00f3n, Hurtado convoc\u00f3 a la poblaci\u00f3n a participar en una gran minga solidaria de limpieza, eliminaci\u00f3n de criaderos de mosquitos y fumigaci\u00f3n, que se desarrollar\u00e1 este fin de semana en distintos distritos de la ciudad.<\/p>\n<p style=\"text-align: justify\">La actividad ser\u00e1 coordinada por el Comit\u00e9 de Operaciones Departamental (COED) y abarcar\u00e1 los distritos municipales 2, 5, 6 y 11. En la jornada participar\u00e1n instituciones p\u00fablicas, juntas vecinales, universidades y el sector empresarial privado.<\/p>\n<p style=\"text-align: justify\">El objetivo de la campa\u00f1a es eliminar los focos de reproducci\u00f3n del mosquito transmisor y generar conciencia en la poblaci\u00f3n sobre los riesgos de la chikungu\u00f1a y otras enfermedades virales. Las autoridades remarcaron que la colaboraci\u00f3n de los vecinos es fundamental para el \u00e9xito de esta iniciativa.<\/p>\n","protected":false},"excerpt":{"rendered":"<p>El jefe de Epidemiolog\u00eda del Servicio Departamental de Salud (Sedes), Carlos Hurtado, inform\u00f3 que los casos de chikungu\u00f1a en el departamento de Santa Cruz de la Sierra ascienden a 4.385, con cinco fallecidos reportados hasta este mi\u00e9rcoles. La autoridad destac\u00f3 que, pese al n\u00famero de contagios, se registr\u00f3 una disminuci\u00f3n en la cantidad de pacientes [&hellip;]<\/p>\n","protected":false},"author":1,"featured_media":84969,"comment_status":"closed","ping_status":"open","sticky":false,"template":"","format":"standard","meta":{"footnotes":""},"categories":[53],"tags":[],"class_list":{"0":"post-84968","1":"post","2":"type-post","3":"status-publish","4":"format-standard","5":"has-post-thumbnail","7":"category-salud"},"_links":{"self":[{"href":"https:\/\/jms.com.bo\/mediamonitor\/wp-json\/wp\/v2\/posts\/84968","targetHints":{"allow":["GET"]}}],"collection":[{"href":"https:\/\/jms.com.bo\/mediamonitor\/wp-json\/wp\/v2\/posts"}],"about":[{"href":"https:\/\/jms.com.bo\/mediamonitor\/wp-json\/wp\/v2\/types\/post"}],"author":[{"embeddable":true,"href":"https:\/\/jms.com.bo\/mediamonitor\/wp-json\/wp\/v2\/users\/1"}],"replies":[{"embeddable":true,"href":"https:\/\/jms.com.bo\/mediamonitor\/wp-json\/wp\/v2\/comments?post=84968"}],"version-history":[{"count":0,"href":"https:\/\/jms.com.bo\/mediamonitor\/wp-json\/wp\/v2\/posts\/84968\/revisions"}],"wp:featuredmedia":[{"embeddable":true,"href":"https:\/\/jms.com.bo\/mediamonitor\/wp-json\/wp\/v2\/media\/84969"}],"wp:attachment":[{"href":"https:\/\/jms.com.bo\/mediamonitor\/wp-json\/wp\/v2\/media?parent=84968"}],"wp:term":[{"taxonomy":"category","embeddable":true,"href":"https:\/\/jms.com.bo\/mediamonitor\/wp-json\/wp\/v2\/categories?post=84968"},{"taxonomy":"post_tag","embeddable":true,"href":"https:\/\/jms.com.bo\/mediamonitor\/wp-json\/wp\/v2\/tags?post=84968"}],"curies":[{"name":"wp","href":"https:\/\/api.w.org\/{rel}","templated":true}]}}