{"id":84970,"date":"2026-03-05T07:39:34","date_gmt":"2026-03-05T11:39:34","guid":{"rendered":"https:\/\/mediamonitorbo.com.bo\/?p=18851"},"modified":"2026-03-05T07:39:34","modified_gmt":"2026-03-05T11:39:34","slug":"alcaldia-de-tarija-destaca-que-la-vendimia-impulsara-al-sector-productivo-vinos-y-singanis-y-apunta-a-fortalecer-el-calendario-cultural","status":"publish","type":"post","link":"https:\/\/jms.com.bo\/mediamonitor\/2026\/03\/05\/alcaldia-de-tarija-destaca-que-la-vendimia-impulsara-al-sector-productivo-vinos-y-singanis-y-apunta-a-fortalecer-el-calendario-cultural\/","title":{"rendered":"Alcald\u00eda de Tarija destaca que La Vendimia impulsar\u00e1 al sector productivo, vinos y singanis y apunta a fortalecer el calendario cultural"},"content":{"rendered":"<p style=\"text-align: justify\">El director de Turismo y Cultura de la Alcald\u00eda de Tarija, Edmundo Montellanos, inform\u00f3 que el municipio se prepara para la realizaci\u00f3n de La Vendimia, una actividad tradicional que busca reforzar el movimiento cultural y productivo del departamento.<\/p>\n<p style=\"text-align: justify\">La autoridad explic\u00f3 que el evento se desarrollar\u00e1 este 14 y 15, resaltando que, aunque es una celebraci\u00f3n caracter\u00edstica del Valle de la Concepci\u00f3n, la capital tambi\u00e9n asumir\u00e1 un rol activo para potenciar su impacto.<\/p>\n<p style=\"text-align: justify\">\u201cSe viene La Vendimia este 14 y 15 si bien es un evento que es propio del Valle de la Concepci\u00f3n pero por supuesto que nosotros como capital vamos a hacer \u00e9nfasis en esta actividad que apoya tanto al sector productivo, vinos y singanis de Tarija\u201d, manifest\u00f3.<\/p>\n<p style=\"text-align: justify\">Montellanos a\u00f1adi\u00f3 que existe una base normativa que respalda la realizaci\u00f3n de actividades vinculadas a la producci\u00f3n vitivin\u00edcola, por lo que se prev\u00e9 cumplir con esta agenda en funci\u00f3n de las posibilidades organizativas del municipio.<\/p>\n<p style=\"text-align: justify\">\u201cNosotros tenemos una normativa que debemos realizar la actividad de la Uva y el vino y la vamos a realizar en la medida de las posibilidades lo que no queremos es el choque de actividades sino ampliar el calendario cultural y as\u00ed llegar a la Pascua Florida para poder ser ese punto de referencia cultural en Bolivia\u201d, se\u00f1al\u00f3.<\/p>\n","protected":false},"excerpt":{"rendered":"<p>El director de Turismo y Cultura de la Alcald\u00eda de Tarija, Edmundo Montellanos, inform\u00f3 que el municipio se prepara para la realizaci\u00f3n de La Vendimia, una actividad tradicional que busca reforzar el movimiento cultural y productivo del departamento. La autoridad explic\u00f3 que el evento se desarrollar\u00e1 este 14 y 15, resaltando que, aunque es una [&hellip;]<\/p>\n","protected":false},"author":1,"featured_media":84971,"comment_status":"closed","ping_status":"open","sticky":false,"template":"","format":"standard","meta":{"footnotes":""},"categories":[57],"tags":[],"class_list":{"0":"post-84970","1":"post","2":"type-post","3":"status-publish","4":"format-standard","5":"has-post-thumbnail","7":"category-alimentos-y-agroindustria"},"_links":{"self":[{"href":"https:\/\/jms.com.bo\/mediamonitor\/wp-json\/wp\/v2\/posts\/84970","targetHints":{"allow":["GET"]}}],"collection":[{"href":"https:\/\/jms.com.bo\/mediamonitor\/wp-json\/wp\/v2\/posts"}],"about":[{"href":"https:\/\/jms.com.bo\/mediamonitor\/wp-json\/wp\/v2\/types\/post"}],"author":[{"embeddable":true,"href":"https:\/\/jms.com.bo\/mediamonitor\/wp-json\/wp\/v2\/users\/1"}],"replies":[{"embeddable":true,"href":"https:\/\/jms.com.bo\/mediamonitor\/wp-json\/wp\/v2\/comments?post=84970"}],"version-history":[{"count":0,"href":"https:\/\/jms.com.bo\/mediamonitor\/wp-json\/wp\/v2\/posts\/84970\/revisions"}],"wp:featuredmedia":[{"embeddable":true,"href":"https:\/\/jms.com.bo\/mediamonitor\/wp-json\/wp\/v2\/media\/84971"}],"wp:attachment":[{"href":"https:\/\/jms.com.bo\/mediamonitor\/wp-json\/wp\/v2\/media?parent=84970"}],"wp:term":[{"taxonomy":"category","embeddable":true,"href":"https:\/\/jms.com.bo\/mediamonitor\/wp-json\/wp\/v2\/categories?post=84970"},{"taxonomy":"post_tag","embeddable":true,"href":"https:\/\/jms.com.bo\/mediamonitor\/wp-json\/wp\/v2\/tags?post=84970"}],"curies":[{"name":"wp","href":"https:\/\/api.w.org\/{rel}","templated":true}]}}