{"id":84974,"date":"2026-03-05T07:43:17","date_gmt":"2026-03-05T11:43:17","guid":{"rendered":"https:\/\/mediamonitorbo.com.bo\/?p=18857"},"modified":"2026-03-05T07:43:17","modified_gmt":"2026-03-05T11:43:17","slug":"bolivia-presente-en-la-39a-conferencia-regional-de-la-fao","status":"publish","type":"post","link":"https:\/\/jms.com.bo\/mediamonitor\/2026\/03\/05\/bolivia-presente-en-la-39a-conferencia-regional-de-la-fao\/","title":{"rendered":"Bolivia, presente en la 39\u00aa Conferencia Regional de la FAO"},"content":{"rendered":"<p style=\"text-align: justify\">El presidente brasile\u00f1o Luiz In\u00e1cio Lula da Silva, inaugur\u00f3 oficialmente este mi\u00e9rcoles en Brasilia la 39\u00aa Conferencia Regional de la Organizaci\u00f3n de las Naciones Unidas para la Alimentaci\u00f3n y la Agricultura para Am\u00e9rica Latina y el Caribe (FAO), en representaci\u00f3n de Bolivia acude el ministro de Desarrollo Productivo, Rural y Agua; \u00d3scar Mario Justiniano<\/p>\n<p style=\"text-align: justify\">Se trata de un encuentro internacional de alto nivel orientado a fortalecer la seguridad alimentaria y para promover la transformaci\u00f3n sostenible de los sistemas agroalimentarios.<\/p>\n<p style=\"text-align: justify\">La agenda del encuentro se centra en impulsar pol\u00edticas y acciones concretas para transformar los sistemas agroalimentarios, combatir el hambre y reducir las desigualdades, en el marco de las directrices estrat\u00e9gicas establecidas por la FAO.<\/p>\n<p style=\"text-align: justify\">Durante su participaci\u00f3n, el ministro Justiniano reafirma el compromiso del pa\u00eds con la construcci\u00f3n de sistemas productivos m\u00e1s resilientes, inclusivos y sostenibles. Que garanticen el acceso equitativo a alimentos nutritivos y de calidad para toda la poblaci\u00f3n.<\/p>\n<p style=\"text-align: justify\">Conferencia Regional<\/p>\n<p style=\"text-align: justify\">Asimismo, destaca la importancia de fortalecer la cooperaci\u00f3n internacional, el intercambio de buenas pr\u00e1cticas y el acceso a financiamiento para apoyar a peque\u00f1os y medianos productores.<\/p>\n<p style=\"text-align: justify\">Lula critic\u00f3 a los l\u00edderes globales que otorgan prioridad a la guerra y el gasto en armamentos por encima de la seguridad alimentaria. Afirm\u00f3 que la erradicaci\u00f3n del hambre es un objetivo alcanzable que se ve frenado por una \u00abfalta de compromiso\u00bb.<\/p>\n<p style=\"text-align: justify\">\u00abSi tom\u00e1ramos el dinero que se gast\u00f3 el a\u00f1o pasado en armamento, en conflictos \u2013 el equivalente a 2,7 billones de d\u00f3lares \u2013 y lo dividi\u00e9ramos entre los 630 millones de seres humanos que pasan hambre en el planeta, nos alcanzar\u00eda para haber distribuido 4.285 d\u00f3lares a cada persona\u00bb, dijo Lula da Silva en la apertura de la reuni\u00f3n ministerial<\/p>\n<p style=\"text-align: justify\">El encuentro re\u00fane a autoridades gubernamentales, organismos internacionales y actores estrat\u00e9gicos del sector agroproductivo. Quienes analizan desaf\u00edos comunes como el impacto del cambio clim\u00e1tico. Tambi\u00e9n la volatilidad de los mercados, la pobreza rural y la necesidad de innovaci\u00f3n tecnol\u00f3gica en la producci\u00f3n de alimentos.<\/p>\n","protected":false},"excerpt":{"rendered":"<p>El presidente brasile\u00f1o Luiz In\u00e1cio Lula da Silva, inaugur\u00f3 oficialmente este mi\u00e9rcoles en Brasilia la 39\u00aa Conferencia Regional de la Organizaci\u00f3n de las Naciones Unidas para la Alimentaci\u00f3n y la Agricultura para Am\u00e9rica Latina y el Caribe (FAO), en representaci\u00f3n de Bolivia acude el ministro de Desarrollo Productivo, Rural y Agua; \u00d3scar Mario Justiniano Se [&hellip;]<\/p>\n","protected":false},"author":1,"featured_media":84975,"comment_status":"closed","ping_status":"open","sticky":false,"template":"","format":"standard","meta":{"footnotes":""},"categories":[57],"tags":[],"class_list":{"0":"post-84974","1":"post","2":"type-post","3":"status-publish","4":"format-standard","5":"has-post-thumbnail","7":"category-alimentos-y-agroindustria"},"_links":{"self":[{"href":"https:\/\/jms.com.bo\/mediamonitor\/wp-json\/wp\/v2\/posts\/84974","targetHints":{"allow":["GET"]}}],"collection":[{"href":"https:\/\/jms.com.bo\/mediamonitor\/wp-json\/wp\/v2\/posts"}],"about":[{"href":"https:\/\/jms.com.bo\/mediamonitor\/wp-json\/wp\/v2\/types\/post"}],"author":[{"embeddable":true,"href":"https:\/\/jms.com.bo\/mediamonitor\/wp-json\/wp\/v2\/users\/1"}],"replies":[{"embeddable":true,"href":"https:\/\/jms.com.bo\/mediamonitor\/wp-json\/wp\/v2\/comments?post=84974"}],"version-history":[{"count":0,"href":"https:\/\/jms.com.bo\/mediamonitor\/wp-json\/wp\/v2\/posts\/84974\/revisions"}],"wp:featuredmedia":[{"embeddable":true,"href":"https:\/\/jms.com.bo\/mediamonitor\/wp-json\/wp\/v2\/media\/84975"}],"wp:attachment":[{"href":"https:\/\/jms.com.bo\/mediamonitor\/wp-json\/wp\/v2\/media?parent=84974"}],"wp:term":[{"taxonomy":"category","embeddable":true,"href":"https:\/\/jms.com.bo\/mediamonitor\/wp-json\/wp\/v2\/categories?post=84974"},{"taxonomy":"post_tag","embeddable":true,"href":"https:\/\/jms.com.bo\/mediamonitor\/wp-json\/wp\/v2\/tags?post=84974"}],"curies":[{"name":"wp","href":"https:\/\/api.w.org\/{rel}","templated":true}]}}