{"id":84976,"date":"2026-03-05T07:46:19","date_gmt":"2026-03-05T11:46:19","guid":{"rendered":"https:\/\/mediamonitorbo.com.bo\/?p=18861"},"modified":"2026-03-05T07:46:19","modified_gmt":"2026-03-05T11:46:19","slug":"magisterio-urbano-pone-plazo-al-gobierno-para-subir-la-jubilacion","status":"publish","type":"post","link":"https:\/\/jms.com.bo\/mediamonitor\/2026\/03\/05\/magisterio-urbano-pone-plazo-al-gobierno-para-subir-la-jubilacion\/","title":{"rendered":"Magisterio urbano pone plazo al Gobierno para subir la jubilaci\u00f3n"},"content":{"rendered":"<p style=\"text-align: justify\">El Magisterio Urbano de Tarija volvi\u00f3 a colocar sus demandas sobre la mesa y esta vez apunta a la modificaci\u00f3n de la Ley de Pensiones, exigiendo al Gobierno Nacional un incremento en la renta de jubilaci\u00f3n para los maestros. El sector fij\u00f3 como plazo el viernes 6 de marzo para recibir una respuesta oficial y advirti\u00f3 que, de no haber una se\u00f1al positiva, no descartan movilizaciones e incluso un paro indefinido.<\/p>\n<p style=\"text-align: justify\">El delegado del Magisterio Urbano de Tarija ante la Central Obrera Departamental (COD), Wilver Villarrubia Sigler, explic\u00f3 que el pedido forma parte del pliego petitorio nacional del sector. Se\u00f1al\u00f3 que actualmente muchos maestros optan por postergar su jubilaci\u00f3n pese a haber cumplido los a\u00f1os de servicio, debido a los bajos montos que reciben al retirarse.<\/p>\n<p style=\"text-align: justify\">\u201cLamentablemente, de estar ganando un sueldo de 5.000 bolivianos, se jubilan para cobrar apenas 2.500 bolivianos, que a nadie le conviene\u201d, sostuvo.<\/p>\n<p style=\"text-align: justify\">Advertencia de protestas<\/p>\n<p style=\"text-align: justify\">El dirigente aclar\u00f3 que el magisterio es consciente de que no acceder\u00e1 a una jubilaci\u00f3n con el 100% del salario, como ocurre con las Fuerzas Armadas, pero plante\u00f3 que el Gobierno realice un an\u00e1lisis t\u00e9cnico que permita definir un porcentaje de incremento consensuado con las federaciones de maestros y elevar una conclusi\u00f3n al nivel central.<\/p>\n<p style=\"text-align: justify\">Villarrubia afirm\u00f3 que la propuesta concreta ya fue presentada al Gobierno y que el plazo para una respuesta vence el 6 de marzo. \u201cSi no hay una respuesta favorable, vamos a tomar determinaciones inmediatas y no se descarta salir a las calles ni un paro indefinido\u201d, advirti\u00f3.<\/p>\n<p style=\"text-align: justify\">En esa l\u00ednea, indic\u00f3 que tambi\u00e9n exigir\u00e1n a la COD que active sus oficios para defender los derechos de la clase trabajadora.<\/p>\n<p style=\"text-align: justify\">Otros pendientes<\/p>\n<p style=\"text-align: justify\">Seg\u00fan el dirigente, hasta el momento el Gobierno no ha dado se\u00f1ales alentadoras y, por el contrario, habr\u00eda adelantado que no existe margen para un incremento. A ello se suma la incertidumbre sobre la propuesta del 50\/50 y versiones que apuntan a una posible municipalizaci\u00f3n de la educaci\u00f3n, aspectos que generan preocupaci\u00f3n en el sector.<\/p>\n<p style=\"text-align: justify\">A estas demandas se suma otro tema pendiente, el incremento salarial, solicitado por el magisterio en la segunda quincena de enero y que hasta la fecha no ha recibido una respuesta oficial.<\/p>\n<p style=\"text-align: justify\">Desde el altiplano, el dirigente del Magisterio Urbano de El Alto, Alex Morales, calific\u00f3 este nuevo reclamo como \u201cuna segunda batalla\u201d, tras las movilizaciones realizadas entre el 22 de diciembre y el 11 de enero.<\/p>\n<p style=\"text-align: justify\">El sector tambi\u00e9n pidi\u00f3 que la Central Obrera Boliviana (COB) se sume a las medidas de presi\u00f3n, aunque hasta ahora la dirigencia nacional no se pronunci\u00f3, luego de lograr la abrogaci\u00f3n del Decreto Supremo 5503.<\/p>\n<p style=\"text-align: justify\">Los maestros argumentan que la eliminaci\u00f3n de la subvenci\u00f3n a los combustibles encareci\u00f3 el costo de vida, elevando tarifas del transporte p\u00fablico y precios de productos b\u00e1sicos de la canasta familiar, raz\u00f3n por la cual se mantienen firmes en su exigencia de una nivelaci\u00f3n salarial y una jubilaci\u00f3n digna.<\/p>\n","protected":false},"excerpt":{"rendered":"<p>El Magisterio Urbano de Tarija volvi\u00f3 a colocar sus demandas sobre la mesa y esta vez apunta a la modificaci\u00f3n de la Ley de Pensiones, exigiendo al Gobierno Nacional un incremento en la renta de jubilaci\u00f3n para los maestros. El sector fij\u00f3 como plazo el viernes 6 de marzo para recibir una respuesta oficial y [&hellip;]<\/p>\n","protected":false},"author":1,"featured_media":84977,"comment_status":"closed","ping_status":"open","sticky":false,"template":"","format":"standard","meta":{"footnotes":""},"categories":[49],"tags":[],"class_list":{"0":"post-84976","1":"post","2":"type-post","3":"status-publish","4":"format-standard","5":"has-post-thumbnail","7":"category-social"},"_links":{"self":[{"href":"https:\/\/jms.com.bo\/mediamonitor\/wp-json\/wp\/v2\/posts\/84976","targetHints":{"allow":["GET"]}}],"collection":[{"href":"https:\/\/jms.com.bo\/mediamonitor\/wp-json\/wp\/v2\/posts"}],"about":[{"href":"https:\/\/jms.com.bo\/mediamonitor\/wp-json\/wp\/v2\/types\/post"}],"author":[{"embeddable":true,"href":"https:\/\/jms.com.bo\/mediamonitor\/wp-json\/wp\/v2\/users\/1"}],"replies":[{"embeddable":true,"href":"https:\/\/jms.com.bo\/mediamonitor\/wp-json\/wp\/v2\/comments?post=84976"}],"version-history":[{"count":0,"href":"https:\/\/jms.com.bo\/mediamonitor\/wp-json\/wp\/v2\/posts\/84976\/revisions"}],"wp:featuredmedia":[{"embeddable":true,"href":"https:\/\/jms.com.bo\/mediamonitor\/wp-json\/wp\/v2\/media\/84977"}],"wp:attachment":[{"href":"https:\/\/jms.com.bo\/mediamonitor\/wp-json\/wp\/v2\/media?parent=84976"}],"wp:term":[{"taxonomy":"category","embeddable":true,"href":"https:\/\/jms.com.bo\/mediamonitor\/wp-json\/wp\/v2\/categories?post=84976"},{"taxonomy":"post_tag","embeddable":true,"href":"https:\/\/jms.com.bo\/mediamonitor\/wp-json\/wp\/v2\/tags?post=84976"}],"curies":[{"name":"wp","href":"https:\/\/api.w.org\/{rel}","templated":true}]}}