{"id":84978,"date":"2026-03-05T07:47:39","date_gmt":"2026-03-05T11:47:39","guid":{"rendered":"https:\/\/mediamonitorbo.com.bo\/?p=18864"},"modified":"2026-03-05T07:47:39","modified_gmt":"2026-03-05T11:47:39","slug":"transportistas-bloquean-cabezas-y-abapo-por-combustible","status":"publish","type":"post","link":"https:\/\/jms.com.bo\/mediamonitor\/2026\/03\/05\/transportistas-bloquean-cabezas-y-abapo-por-combustible\/","title":{"rendered":"Transportistas bloquean Cabezas y Abap\u00f3 por combustible"},"content":{"rendered":"<p style=\"text-align: justify\">Diversos sindicatos vinculados al transporte instalaron este mi\u00e9rcoles bloqueos en los sectores de Cabezas y Abap\u00f3, generando la interrupci\u00f3n del tr\u00e1nsito en rutas estrat\u00e9gicas que conectan Santa Cruz con el Chaco boliviano y Argentina.<\/p>\n<p style=\"text-align: justify\">Este corte de ruta afecta en la normalidad de tr\u00e1nsito desde la capital cruce\u00f1a hasta los municipios de Camiri, Villa Montes, Yacuiba y el Chaco argentino.<\/p>\n<p style=\"text-align: justify\">La medidas perjudicaron a los pasajeros que transitaban por la zona, quienes tuvieron que realizar trasbordos e incluso caminar para continuar su viaje.<\/p>\n<p style=\"text-align: justify\">Bloqueo en Abap\u00f3<\/p>\n<p style=\"text-align: justify\">En Abap\u00f3, choferes del servicio interprovincial cortaron la ruta Santa Cruz\u2013Abap\u00f3. El sector denunci\u00f3 presuntas irregularidades y deficiencias en la atenci\u00f3n del surtidor local, adem\u00e1s de observaciones contra la Agencia Nacional de Hidrocarburos (ANH) y Yacimientos Petrol\u00edferos Fiscales Bolivianos (YPFB).<\/p>\n<p style=\"text-align: justify\">Entre sus demandas, exigen que el surtidor atienda las 24 horas, el cambio de personal, el arreglo y limpieza del ingreso al establecimiento y mayor presi\u00f3n en una de las bombas para la carga de gas vehicular.<\/p>\n<p style=\"text-align: justify\">Los movilizados aseguran que desde las 05:00 esperan la presencia de autoridades de YPFB y la ANH para instalar un di\u00e1logo. Tambi\u00e9n se\u00f1alaron que enviaron notas formales a la ANH, pero que no recibieron respuesta.<\/p>\n<p style=\"text-align: justify\">Bloqueo en Cabezas<\/p>\n<p style=\"text-align: justify\">En el sector de Cabezas, transportistas tambi\u00e9n instalaron un punto de bloqueo en protesta por presuntas irregularidades en la comercializaci\u00f3n de combustible. Denuncian desabastecimiento y que la gasolina ser\u00eda de mala calidad.<\/p>\n<p style=\"text-align: justify\">La protesta impide la circulaci\u00f3n hacia la ruta nacional 9, paralizando el ingreso y salida de veh\u00edculos hacia el Gran Chaco boliviano y a quienes se dirigen hacia Argentina.<\/p>\n","protected":false},"excerpt":{"rendered":"<p>Diversos sindicatos vinculados al transporte instalaron este mi\u00e9rcoles bloqueos en los sectores de Cabezas y Abap\u00f3, generando la interrupci\u00f3n del tr\u00e1nsito en rutas estrat\u00e9gicas que conectan Santa Cruz con el Chaco boliviano y Argentina. Este corte de ruta afecta en la normalidad de tr\u00e1nsito desde la capital cruce\u00f1a hasta los municipios de Camiri, Villa Montes, [&hellip;]<\/p>\n","protected":false},"author":1,"featured_media":84979,"comment_status":"closed","ping_status":"open","sticky":false,"template":"","format":"standard","meta":{"footnotes":""},"categories":[49],"tags":[],"class_list":{"0":"post-84978","1":"post","2":"type-post","3":"status-publish","4":"format-standard","5":"has-post-thumbnail","7":"category-social"},"_links":{"self":[{"href":"https:\/\/jms.com.bo\/mediamonitor\/wp-json\/wp\/v2\/posts\/84978","targetHints":{"allow":["GET"]}}],"collection":[{"href":"https:\/\/jms.com.bo\/mediamonitor\/wp-json\/wp\/v2\/posts"}],"about":[{"href":"https:\/\/jms.com.bo\/mediamonitor\/wp-json\/wp\/v2\/types\/post"}],"author":[{"embeddable":true,"href":"https:\/\/jms.com.bo\/mediamonitor\/wp-json\/wp\/v2\/users\/1"}],"replies":[{"embeddable":true,"href":"https:\/\/jms.com.bo\/mediamonitor\/wp-json\/wp\/v2\/comments?post=84978"}],"version-history":[{"count":0,"href":"https:\/\/jms.com.bo\/mediamonitor\/wp-json\/wp\/v2\/posts\/84978\/revisions"}],"wp:featuredmedia":[{"embeddable":true,"href":"https:\/\/jms.com.bo\/mediamonitor\/wp-json\/wp\/v2\/media\/84979"}],"wp:attachment":[{"href":"https:\/\/jms.com.bo\/mediamonitor\/wp-json\/wp\/v2\/media?parent=84978"}],"wp:term":[{"taxonomy":"category","embeddable":true,"href":"https:\/\/jms.com.bo\/mediamonitor\/wp-json\/wp\/v2\/categories?post=84978"},{"taxonomy":"post_tag","embeddable":true,"href":"https:\/\/jms.com.bo\/mediamonitor\/wp-json\/wp\/v2\/tags?post=84978"}],"curies":[{"name":"wp","href":"https:\/\/api.w.org\/{rel}","templated":true}]}}