{"id":84980,"date":"2026-03-05T07:50:07","date_gmt":"2026-03-05T11:50:07","guid":{"rendered":"https:\/\/mediamonitorbo.com.bo\/?p=18867"},"modified":"2026-03-05T07:50:07","modified_gmt":"2026-03-05T11:50:07","slug":"bolivia-se-aleja-de-paises-que-defienden-a-palestina","status":"publish","type":"post","link":"https:\/\/jms.com.bo\/mediamonitor\/2026\/03\/05\/bolivia-se-aleja-de-paises-que-defienden-a-palestina\/","title":{"rendered":"Bolivia se aleja de pa\u00edses que defienden a Palestina"},"content":{"rendered":"<p style=\"text-align: justify\">Bolivia decidi\u00f3 retirarse del Grupo de La Haya, una organizaci\u00f3n de pa\u00edses que promueve acciones en defensa de Palestina, seg\u00fan una nota de la embajada boliviana en Pa\u00edses Bajos difundida este mi\u00e9rcoles. Desde Jerusal\u00e9n, el ministro de Exteriores de Israel, Gideon Saar, felicit\u00f3 al pa\u00eds por la que calific\u00f3 como una \u201cdecisi\u00f3n moral\u201d de abandonar el bloque, una iniciativa que impulsa sanciones internacionales contra Israel por su ofensiva en Gaza.<\/p>\n<p style=\"text-align: justify\">\u201cBolivia decidi\u00f3 retirar su participaci\u00f3n en el llamado \u2018Grupo de la Haya\u2019\u201d, dice una declaraci\u00f3n p\u00fablica del Estado de Bolivia, a trav\u00e9s de esa embajada.<\/p>\n<p style=\"text-align: justify\">La nota se\u00f1ala adem\u00e1s que \u201cBolivia reafirma su compromiso con el derecho internacional y con el sistema multilateral universal de las Naciones Unidas, considerando que cualquier iniciativa relativa a la determinaci\u00f3n de responsabilidades internacionales debe canalizarse a trav\u00e9s de los \u00f3rganos competentes\u201d.<\/p>\n<p style=\"text-align: justify\">\u201cBolivia centrar\u00e1 su acci\u00f3n internacional en los mecanismos institucionales universales del sistema de Naciones Unidas\u00bb, indica la declaraci\u00f3n de Bolivia.<\/p>\n<p style=\"text-align: justify\">En un comunicado de prensa el Ministerio de Relaciones Exteriores de Bolivia tambi\u00e9n indic\u00f3 que \u201cesta decisi\u00f3n responde a la convicci\u00f3n del Estado Boliviano de que los asuntos vinculados a la determinaci\u00f3n de responsabilidades internacionales debe ser tratados a trav\u00e9s de los mecanismos universales, instituciones y jur\u00eddicamente establecido del sistema de la Naciones Unidas\u201d.<\/p>\n<p style=\"text-align: justify\">El Gobierno de Luis Arce rompi\u00f3 relaciones con Israel en octubre de 2023 al considerar \u201cagresiva y desproporcionada\u201d la ofensiva militar contra la Franja de Gaza, y en varias ocasiones expres\u00f3 su respaldo a la causa de Palestina.<\/p>\n<p style=\"text-align: justify\">En diciembre pasado, el Gobierno de Rodrigo Paz, que asumi\u00f3 el poder el 8 de noviembre de 2025, restableci\u00f3 las relaciones diplom\u00e1ticas con Israel a trav\u00e9s de la firma de un acuerdo en la residencia del embajador israel\u00ed en Washington.<\/p>\n<p style=\"text-align: justify\">ISRAEL ALABA A BOLIVIA<\/p>\n<p style=\"text-align: justify\">El ministro israel\u00ed de Exteriores, Gideon Saar, felicit\u00f3 este mi\u00e9rcoles a Bolivia por la \u201cdecisi\u00f3n moral\u201d de su pa\u00eds de salir del Grupo de La Haya, una iniciativa que promueve sanciones internacionales contra Israel por su ofensiva en Gaza.<\/p>\n<p style=\"text-align: justify\">\u201cSe trata de una medida necesaria y basada en principios frente al mal. Gracias, Bolivia, por estar del lado correcto de la historia\u00bb, apunt\u00f3 el canciller X elogiando al presidente, Rodrigo Paz.<\/p>\n<p style=\"text-align: justify\">Su publicaci\u00f3n incluye un mensaje de este mismo mi\u00e9rcoles de la embajada de Bolivia en Pa\u00edses Bajos, en el que el pa\u00eds latinoamericano comunica dicho paso y dice reafirmar \u00absu compromiso con el derecho internacional y el sistema multilateral de Naciones Unidas\u00bb.<\/p>\n<p style=\"text-align: justify\">El Grupo de La Haya fue creado en enero de 2025 por Bolivia, Colombia, Cuba, Honduras, Malasia, Namibia, Senegal y Sud\u00e1frica en respuesta a la grave crisis humanitaria causada por Israel en la Franja de Gaza, y aboga por imponer sanciones internacionales contra Israel y su primer ministro, Benjam\u00edn Netanyahu.<\/p>\n<p style=\"text-align: justify\">DENUNCIA<\/p>\n<p style=\"text-align: justify\">La Comisi\u00f3n de Relaciones Internacionales de la C\u00e1mara Baja sugiere al Gobierno revisar los convenios vigentes con Ir\u00e1n y, de ser necesario, dejarlos sin efecto. El diputado Carlos Alarc\u00f3n (Unidad) inform\u00f3 que la propuesta busca que el Ejecutivo inicie los procedimientos de denuncia correspondientes para dejar sin efecto tratados, acuerdos y convenios suscritos con ese pa\u00eds.<\/p>\n","protected":false},"excerpt":{"rendered":"<p>Bolivia decidi\u00f3 retirarse del Grupo de La Haya, una organizaci\u00f3n de pa\u00edses que promueve acciones en defensa de Palestina, seg\u00fan una nota de la embajada boliviana en Pa\u00edses Bajos difundida este mi\u00e9rcoles. Desde Jerusal\u00e9n, el ministro de Exteriores de Israel, Gideon Saar, felicit\u00f3 al pa\u00eds por la que calific\u00f3 como una \u201cdecisi\u00f3n moral\u201d de abandonar [&hellip;]<\/p>\n","protected":false},"author":1,"featured_media":84981,"comment_status":"closed","ping_status":"open","sticky":false,"template":"","format":"standard","meta":{"footnotes":""},"categories":[20],"tags":[],"class_list":{"0":"post-84980","1":"post","2":"type-post","3":"status-publish","4":"format-standard","5":"has-post-thumbnail","7":"category-actualidad"},"_links":{"self":[{"href":"https:\/\/jms.com.bo\/mediamonitor\/wp-json\/wp\/v2\/posts\/84980","targetHints":{"allow":["GET"]}}],"collection":[{"href":"https:\/\/jms.com.bo\/mediamonitor\/wp-json\/wp\/v2\/posts"}],"about":[{"href":"https:\/\/jms.com.bo\/mediamonitor\/wp-json\/wp\/v2\/types\/post"}],"author":[{"embeddable":true,"href":"https:\/\/jms.com.bo\/mediamonitor\/wp-json\/wp\/v2\/users\/1"}],"replies":[{"embeddable":true,"href":"https:\/\/jms.com.bo\/mediamonitor\/wp-json\/wp\/v2\/comments?post=84980"}],"version-history":[{"count":0,"href":"https:\/\/jms.com.bo\/mediamonitor\/wp-json\/wp\/v2\/posts\/84980\/revisions"}],"wp:featuredmedia":[{"embeddable":true,"href":"https:\/\/jms.com.bo\/mediamonitor\/wp-json\/wp\/v2\/media\/84981"}],"wp:attachment":[{"href":"https:\/\/jms.com.bo\/mediamonitor\/wp-json\/wp\/v2\/media?parent=84980"}],"wp:term":[{"taxonomy":"category","embeddable":true,"href":"https:\/\/jms.com.bo\/mediamonitor\/wp-json\/wp\/v2\/categories?post=84980"},{"taxonomy":"post_tag","embeddable":true,"href":"https:\/\/jms.com.bo\/mediamonitor\/wp-json\/wp\/v2\/tags?post=84980"}],"curies":[{"name":"wp","href":"https:\/\/api.w.org\/{rel}","templated":true}]}}