{"id":84989,"date":"2026-03-05T07:59:09","date_gmt":"2026-03-05T11:59:09","guid":{"rendered":"https:\/\/mediamonitorbo.com.bo\/?p=18881"},"modified":"2026-03-05T07:59:09","modified_gmt":"2026-03-05T11:59:09","slug":"polemica-por-el-50-50-exigen-claridad-al-gobierno-sacar-a-barrientos-y-eliminar-su-viceministerio","status":"publish","type":"post","link":"https:\/\/jms.com.bo\/mediamonitor\/2026\/03\/05\/polemica-por-el-50-50-exigen-claridad-al-gobierno-sacar-a-barrientos-y-eliminar-su-viceministerio\/","title":{"rendered":"Pol\u00e9mica por el 50\/50: exigen claridad al gobierno, sacar a Barrientos y eliminar su viceministerio"},"content":{"rendered":"<p style=\"text-align: justify\">Las cr\u00edticas y pedidos de renuncia de la viceministra de Autonom\u00edas, Andrea Barrientos se reactivaron este mi\u00e9rcoles, desde sectores pol\u00edticos de Santa Cruz, un d\u00eda despu\u00e9s de que declara ante los medios que la aplicaci\u00f3n del 50-50 puede ser r\u00e1pida o durar a\u00f1os.<\/p>\n<p style=\"text-align: justify\">Adem\u00e1s hay la exigencia de claridad al gobierno sobre el tema, ya que desde el ejecutivo nacional se han lanzado diversas posiciones sobre el tema. Incluso el presidente Rodrigo Paz dijo en una ocasi\u00f3n que esperaba concretar esta promesa de campa\u00f1a al final de su mandato.<\/p>\n<p style=\"text-align: justify\">El lunes desde Santa Cruz, el mandatario, junto a su aliado, el gobernador Luis Fernando Camacho, anunci\u00f3 el inicio del proceso para implementar el 50\/50.<\/p>\n<p style=\"text-align: justify\">\u201cEs dif\u00edcil decir: esto dura dos o tres d\u00edas, cinco semanas o 10 a\u00f1os\u201d, dijo Barrientos el martes, declaraci\u00f3n que desat\u00f3 un rechazo generalizado en Santa Cruz.<\/p>\n<p style=\"text-align: justify\">Camacho decidi\u00f3 marginarse del Consejo de Autonom\u00edas mientras Barrientos siga de viceministra.<\/p>\n<p style=\"text-align: justify\">\u00bfCeder\u00e1 el gobierno o mantendr\u00e1 a Barrientos?<\/p>\n<p style=\"text-align: justify\">\u00abSigue yendo en contraruta y se demuestra que es a prop\u00f3sito lo que hace. Pedimos su renuncia, esto sigue en pie, para nosotros ella no es una autoridad\u00bb, consider\u00f3 el presidente del Comit\u00e9 pro Santa Cruz, Stello Cochamanidis, al anticipar que no acudir\u00e1 a ning\u00fan acto en el que participe Barrientos.<\/p>\n<p style=\"text-align: justify\">\u201cNo permitiremos que una autoridad con visi\u00f3n centralista escasa voluntad auton\u00f3mica intente frenar este anhelo del pueblo cruce\u00f1o\u201d, agreg\u00f3 el presidente de la Brigada Parlamentaria Cruce\u00f1a, Fernando Pareja, af\u00edn a Camacho.<\/p>\n<p style=\"text-align: justify\">Tema candente en \u00e9poca electoral<\/p>\n<p style=\"text-align: justify\">Los candidatos a la gobernaci\u00f3n tambi\u00e9n se hicieron eco del tema. \u00abNecesitamos claridad: \u00bfcu\u00e1ndo, cu\u00e1nto y c\u00f3mo?\u201d, se\u00f1al\u00f3 Juan Pablo Velasco (Libre) al incidir en que se necesitan decisiones firmes y despejar la incertidumbre. Guido Nayar calific\u00f3 las declaraciones de Barrientos como una bellacada.<\/p>\n<p style=\"text-align: justify\">\u00abLo he dicho y lo repito: cierren ese viceministerio, mientras exista no habr\u00e1 autonom\u00eda real. No podemos ser aut\u00f3nomos y tomar nuestras propias decisiones si existe un ente de control central\u00bb, se\u00f1al\u00f3 Branko Marinkovic, senador de Libre.<\/p>\n<p style=\"text-align: justify\">El jefe de bancada en Diputados de esta alianza, Rafael L\u00f3pez, lament\u00f3 que en 15 a\u00f1os no hubo avance del proceso auton\u00f3mico y coincide en el pedido de cerrar el viceministerio del rubro, ya que este despacho fue creado en tiempos de Evo Morales, primero con rango de ministerio, para controlar a las regiones. Agrega que el tema no es cuesti\u00f3n de nombres ya que la persona que ocupe dicho cargo mantendr\u00e1 la visi\u00f3n centralista.<\/p>\n<p style=\"text-align: justify\">Se\u00f1ales de que el proceso no ser\u00e1 r\u00e1pido<\/p>\n<p style=\"text-align: justify\">Rodrigo Paz mencion\u00f3 este mi\u00e9rcoles que el di\u00e1logo sobre el 50\/50 debe encararse con las autoridades subnacionales electas. Los comicios est\u00e1n previstos para el 22 de marzo y la posesi\u00f3n el 3 de mayo. Enfatiz\u00f3 que se debe tener una metodolog\u00eda clara y la participaci\u00f3n de las nuevas autoridades.<\/p>\n<p style=\"text-align: justify\">\u201cLa voluntad del Gobierno es tener el mejor de los di\u00e1logos, pero sobre todo generar la cultura de la confianza porque es un cambio estructural, no es solo repartir recursos, vienen responsabilidades compartidas\u201d, dijo Paz en un acto en Sucre.<\/p>\n<p style=\"text-align: justify\">\u201cLa transformaci\u00f3n del Estado no es solo repartir recursos, es construir futuro, eso es lo m\u00e1s importante y para eso tenemos que ser muy honestos con lo que tenemos que dejar afuera\u201d, agreg\u00f3.<\/p>\n<p style=\"text-align: justify\">Tambi\u00e9n se\u00f1al\u00f3 que se deben eliminar unas 60 leyes y 40 decretos de sobrerregulaci\u00f3n del Estado.<\/p>\n","protected":false},"excerpt":{"rendered":"<p>Las cr\u00edticas y pedidos de renuncia de la viceministra de Autonom\u00edas, Andrea Barrientos se reactivaron este mi\u00e9rcoles, desde sectores pol\u00edticos de Santa Cruz, un d\u00eda despu\u00e9s de que declara ante los medios que la aplicaci\u00f3n del 50-50 puede ser r\u00e1pida o durar a\u00f1os. Adem\u00e1s hay la exigencia de claridad al gobierno sobre el tema, ya [&hellip;]<\/p>\n","protected":false},"author":1,"featured_media":84990,"comment_status":"closed","ping_status":"open","sticky":false,"template":"","format":"standard","meta":{"footnotes":""},"categories":[18,48,46],"tags":[],"class_list":{"0":"post-84989","1":"post","2":"type-post","3":"status-publish","4":"format-standard","5":"has-post-thumbnail","7":"category-politica","8":"category-portada-general-sitio","9":"category-portada-politica"},"_links":{"self":[{"href":"https:\/\/jms.com.bo\/mediamonitor\/wp-json\/wp\/v2\/posts\/84989","targetHints":{"allow":["GET"]}}],"collection":[{"href":"https:\/\/jms.com.bo\/mediamonitor\/wp-json\/wp\/v2\/posts"}],"about":[{"href":"https:\/\/jms.com.bo\/mediamonitor\/wp-json\/wp\/v2\/types\/post"}],"author":[{"embeddable":true,"href":"https:\/\/jms.com.bo\/mediamonitor\/wp-json\/wp\/v2\/users\/1"}],"replies":[{"embeddable":true,"href":"https:\/\/jms.com.bo\/mediamonitor\/wp-json\/wp\/v2\/comments?post=84989"}],"version-history":[{"count":0,"href":"https:\/\/jms.com.bo\/mediamonitor\/wp-json\/wp\/v2\/posts\/84989\/revisions"}],"wp:featuredmedia":[{"embeddable":true,"href":"https:\/\/jms.com.bo\/mediamonitor\/wp-json\/wp\/v2\/media\/84990"}],"wp:attachment":[{"href":"https:\/\/jms.com.bo\/mediamonitor\/wp-json\/wp\/v2\/media?parent=84989"}],"wp:term":[{"taxonomy":"category","embeddable":true,"href":"https:\/\/jms.com.bo\/mediamonitor\/wp-json\/wp\/v2\/categories?post=84989"},{"taxonomy":"post_tag","embeddable":true,"href":"https:\/\/jms.com.bo\/mediamonitor\/wp-json\/wp\/v2\/tags?post=84989"}],"curies":[{"name":"wp","href":"https:\/\/api.w.org\/{rel}","templated":true}]}}