{"id":84993,"date":"2026-03-05T08:03:19","date_gmt":"2026-03-05T12:03:19","guid":{"rendered":"https:\/\/mediamonitorbo.com.bo\/?p=18886"},"modified":"2026-03-05T08:03:19","modified_gmt":"2026-03-05T12:03:19","slug":"paz-sobre-el-50-50-tiene-que-haber-metodologia-no-es-solo-repartir-recursos","status":"publish","type":"post","link":"https:\/\/jms.com.bo\/mediamonitor\/2026\/03\/05\/paz-sobre-el-50-50-tiene-que-haber-metodologia-no-es-solo-repartir-recursos\/","title":{"rendered":"Paz sobre el 50\/50: \u201cTiene que haber metodolog\u00eda, no es solo repartir recursos\u201d"},"content":{"rendered":"<p style=\"text-align: justify\">El presidente Rodrigo Paz anunci\u00f3 este mi\u00e9rcoles que el Gobierno iniciar\u00e1 la fase t\u00e9cnica del plan 50\/50, que busca distribuir equitativamente los recursos entre el nivel central y las regiones, aunque especific\u00f3 que este plan debe contar con una \u201cmetodolog\u00eda\u201d pues \u201cno es solo repartir recursos\u201d.<\/p>\n<p style=\"text-align: justify\">Al mismo tiempo, enfatiz\u00f3 que este proceso no se trata solo de repartir recursos, sino de generar una transformaci\u00f3n estructural del Estado, que implica cambiar modelos que, considera, han limitado el crecimiento de las regiones.<\/p>\n<p style=\"text-align: justify\">\u201dEl 50\/50 tiene que tener metodolog\u00eda (&#8230;) la voluntad del Gobierno es generar una cultura de confianza porque es un cambio estructural del Estado, no es solo repartir recursos, vienen responsabilidades compartidas, tenemos que cambiar una serie de modelos que se han generado en el Estado tranca que no permite que las regiones crezcan\u201d, dijo.<\/p>\n<p style=\"text-align: justify\">En una reuni\u00f3n con empresarios en Sucre, Paz destac\u00f3 que la voluntad del Gobierno es generar una cultura de confianza, pero tambi\u00e9n ser honestos sobre lo que se debe dejar atr\u00e1s. \u201cSon cerca de 60 leyes y m\u00e1s de 40 decretos que hay que eliminar, porque lo que no sirve y sobre regula al Estado hay que eliminarlo\u201d, afirm\u00f3.<\/p>\n<p style=\"text-align: justify\">Durante su campa\u00f1a y en los primeros meses de su Gobierno, el mandatario se\u00f1al\u00f3 que la propuesta del 50\/50 busca descentralizar el poder y la econom\u00eda, permitiendo a las regiones administrar sus propios recursos y tomar decisiones m\u00e1s efectivas.<\/p>\n","protected":false},"excerpt":{"rendered":"<p>El presidente Rodrigo Paz anunci\u00f3 este mi\u00e9rcoles que el Gobierno iniciar\u00e1 la fase t\u00e9cnica del plan 50\/50, que busca distribuir equitativamente los recursos entre el nivel central y las regiones, aunque especific\u00f3 que este plan debe contar con una \u201cmetodolog\u00eda\u201d pues \u201cno es solo repartir recursos\u201d. Al mismo tiempo, enfatiz\u00f3 que este proceso no se [&hellip;]<\/p>\n","protected":false},"author":1,"featured_media":84994,"comment_status":"closed","ping_status":"open","sticky":false,"template":"","format":"standard","meta":{"footnotes":""},"categories":[25],"tags":[],"class_list":{"0":"post-84993","1":"post","2":"type-post","3":"status-publish","4":"format-standard","5":"has-post-thumbnail","7":"category-economia"},"_links":{"self":[{"href":"https:\/\/jms.com.bo\/mediamonitor\/wp-json\/wp\/v2\/posts\/84993","targetHints":{"allow":["GET"]}}],"collection":[{"href":"https:\/\/jms.com.bo\/mediamonitor\/wp-json\/wp\/v2\/posts"}],"about":[{"href":"https:\/\/jms.com.bo\/mediamonitor\/wp-json\/wp\/v2\/types\/post"}],"author":[{"embeddable":true,"href":"https:\/\/jms.com.bo\/mediamonitor\/wp-json\/wp\/v2\/users\/1"}],"replies":[{"embeddable":true,"href":"https:\/\/jms.com.bo\/mediamonitor\/wp-json\/wp\/v2\/comments?post=84993"}],"version-history":[{"count":0,"href":"https:\/\/jms.com.bo\/mediamonitor\/wp-json\/wp\/v2\/posts\/84993\/revisions"}],"wp:featuredmedia":[{"embeddable":true,"href":"https:\/\/jms.com.bo\/mediamonitor\/wp-json\/wp\/v2\/media\/84994"}],"wp:attachment":[{"href":"https:\/\/jms.com.bo\/mediamonitor\/wp-json\/wp\/v2\/media?parent=84993"}],"wp:term":[{"taxonomy":"category","embeddable":true,"href":"https:\/\/jms.com.bo\/mediamonitor\/wp-json\/wp\/v2\/categories?post=84993"},{"taxonomy":"post_tag","embeddable":true,"href":"https:\/\/jms.com.bo\/mediamonitor\/wp-json\/wp\/v2\/tags?post=84993"}],"curies":[{"name":"wp","href":"https:\/\/api.w.org\/{rel}","templated":true}]}}