{"id":84995,"date":"2026-03-05T08:04:35","date_gmt":"2026-03-05T12:04:35","guid":{"rendered":"https:\/\/mediamonitorbo.com.bo\/?p=18889"},"modified":"2026-03-05T08:04:35","modified_gmt":"2026-03-05T12:04:35","slug":"el-precio-del-petroleo-sube-18-dolares-y-amenaza-al-tgn-de-paz","status":"publish","type":"post","link":"https:\/\/jms.com.bo\/mediamonitor\/2026\/03\/05\/el-precio-del-petroleo-sube-18-dolares-y-amenaza-al-tgn-de-paz\/","title":{"rendered":"El precio del petr\u00f3leo sube 18 d\u00f3lares y amenaza al TGN de Paz"},"content":{"rendered":"<p style=\"text-align: justify\">El barril de petr\u00f3leo West Texas Intermediate (WTI), de referencia para Am\u00e9rica, super\u00f3 ayer la barrera de los 75 d\u00f3lares, un valor al que no se llegaba desde junio de 2025 y que supone 18 d\u00f3lares m\u00e1s desde el d\u00eda en que el presidente Rodrigo Paz Pereira, mediante el decreto 5503, fij\u00f3 el precio del litro de gasolina en 6,96 bolivianos y el del di\u00e9sel en 9,80 bolivianos.<\/p>\n<p style=\"text-align: justify\">Aquella noche de diciembre, el barril WTI flotaba sobre los 57 d\u00f3lares influenciado por la pol\u00edtica de Donald Trump, que apuesta por un petr\u00f3leo barato para apuntalar sus pol\u00edticas de reindustrializaci\u00f3n de Estados Unidos, sin embargo, el propio Trump, con la operaci\u00f3n en Venezuela el 3 de enero y el posterior ataque a Ir\u00e1n el pasado 27 de febrero, ha provocado las tensiones en los precios, ya que ambos pa\u00edses poseen grandes reservas, aunque sus producciones, por las sanciones, sean moderadas.<\/p>\n<p style=\"text-align: justify\">El mercado de los hidrocarburos es fundamentalmente sensible a las guerras y su impacto se siente r\u00e1pidamente en el comercio internacional, sobre todo en los combustibles. Bolivia, que importa m\u00e1s del 80% de di\u00e9sel y m\u00e1s del 50% de gasolinas, lleva a\u00f1os sufriendo la situaci\u00f3n, pues si bien se elevaron los precios fijados hace m\u00e1s de 25 a\u00f1os en el pa\u00eds, todav\u00eda se maneja un precio referencial fijado por el Gobierno, sensiblemente m\u00e1s alto, y es el Tesoro General de la Naci\u00f3n (TGN) el que acabar\u00e1 pagando la diferencia entre el precio real del combustible y el que paga el usuario.<\/p>\n<p style=\"text-align: justify\">A esto se suma que el gobierno de Paz Pereira ha retirado el IVA a la importaci\u00f3n de combustibles y ha comprometido una mejora de la calidad con nuevos aditivos luego del esc\u00e1ndalo por la calidad del producto, que ha arruinado diferentes motores.<\/p>\n<p style=\"text-align: justify\">De momento el Gobierno no ha aclarado si prev\u00e9 adecuar los precios al mercado real y en qu\u00e9 plazo.<\/p>\n","protected":false},"excerpt":{"rendered":"<p>El barril de petr\u00f3leo West Texas Intermediate (WTI), de referencia para Am\u00e9rica, super\u00f3 ayer la barrera de los 75 d\u00f3lares, un valor al que no se llegaba desde junio de 2025 y que supone 18 d\u00f3lares m\u00e1s desde el d\u00eda en que el presidente Rodrigo Paz Pereira, mediante el decreto 5503, fij\u00f3 el precio del [&hellip;]<\/p>\n","protected":false},"author":1,"featured_media":84996,"comment_status":"closed","ping_status":"open","sticky":false,"template":"","format":"standard","meta":{"footnotes":""},"categories":[25],"tags":[],"class_list":{"0":"post-84995","1":"post","2":"type-post","3":"status-publish","4":"format-standard","5":"has-post-thumbnail","7":"category-economia"},"_links":{"self":[{"href":"https:\/\/jms.com.bo\/mediamonitor\/wp-json\/wp\/v2\/posts\/84995","targetHints":{"allow":["GET"]}}],"collection":[{"href":"https:\/\/jms.com.bo\/mediamonitor\/wp-json\/wp\/v2\/posts"}],"about":[{"href":"https:\/\/jms.com.bo\/mediamonitor\/wp-json\/wp\/v2\/types\/post"}],"author":[{"embeddable":true,"href":"https:\/\/jms.com.bo\/mediamonitor\/wp-json\/wp\/v2\/users\/1"}],"replies":[{"embeddable":true,"href":"https:\/\/jms.com.bo\/mediamonitor\/wp-json\/wp\/v2\/comments?post=84995"}],"version-history":[{"count":0,"href":"https:\/\/jms.com.bo\/mediamonitor\/wp-json\/wp\/v2\/posts\/84995\/revisions"}],"wp:featuredmedia":[{"embeddable":true,"href":"https:\/\/jms.com.bo\/mediamonitor\/wp-json\/wp\/v2\/media\/84996"}],"wp:attachment":[{"href":"https:\/\/jms.com.bo\/mediamonitor\/wp-json\/wp\/v2\/media?parent=84995"}],"wp:term":[{"taxonomy":"category","embeddable":true,"href":"https:\/\/jms.com.bo\/mediamonitor\/wp-json\/wp\/v2\/categories?post=84995"},{"taxonomy":"post_tag","embeddable":true,"href":"https:\/\/jms.com.bo\/mediamonitor\/wp-json\/wp\/v2\/tags?post=84995"}],"curies":[{"name":"wp","href":"https:\/\/api.w.org\/{rel}","templated":true}]}}